{"id":1105,"date":"2025-05-19T15:22:02","date_gmt":"2025-05-19T13:22:02","guid":{"rendered":"https:\/\/www.vos-idees-nos-projets.fr\/blog\/?p=1105"},"modified":"2025-09-23T15:26:25","modified_gmt":"2025-09-23T13:26:25","slug":"methode-malo","status":"publish","type":"post","link":"https:\/\/www.vos-idees-nos-projets.fr\/blog\/methode-malo\/","title":{"rendered":"La m\u00e9thode Malo : Guide complet pour la stimulation cognitive"},"content":{"rendered":"\n<h1 class=\"wp-block-heading\">La m\u00e9thode Malo : Guide complet pour la stimulation cognitive<\/h1>\n\n\n\n<h2 class=\"wp-block-heading\">\ud83d\udc49 Introduction<\/h2>\n\n\n\n<h3 class=\"wp-block-heading\">L&rsquo;importance cruciale de la stimulation cognitive : pourquoi stimuler la m\u00e9moire et l&rsquo;attention ?<\/h3>\n\n\n\n<p>Dans un contexte d&rsquo;allongement de la dur\u00e9e de vie, la stimulation cognitive s&rsquo;impose comme un enjeu majeur de sant\u00e9 publique. Maintenir et pr\u00e9server ses fonctions cognitives, notamment la m\u00e9moire et l&rsquo;attention, est devenu essentiel pour garantir l&rsquo;autonomie et une qualit\u00e9 de vie optimale, particuli\u00e8rement avec l&rsquo;avanc\u00e9e en \u00e2ge. Le vieillissement naturel peut entra\u00eener un d\u00e9clin cognitif progressif, et certaines maladies neurod\u00e9g\u00e9n\u00e9ratives, telles que la maladie d&rsquo;Alzheimer et les troubles apparent\u00e9s, ont pour effet d&rsquo;acc\u00e9l\u00e9rer ce processus. Il est donc primordial d&rsquo;adopter des strat\u00e9gies de pr\u00e9vention et de stimulation pour ralentir ce d\u00e9clin et pr\u00e9server le capital cognitif le plus longtemps possible.<\/p>\n\n\n\n<h3 class=\"wp-block-heading\">Pr\u00e9sentation concise de la m\u00e9thode Malo : une approche innovante et accessible.<\/h3>\n\n\n<div class=\"wp-block-image\">\n<figure class=\"alignright size-large is-resized\"><img loading=\"lazy\" decoding=\"async\" width=\"1024\" height=\"683\" src=\"https:\/\/www.vos-idees-nos-projets.fr\/blog\/wp-content\/uploads\/2025\/05\/1920-Web-Pere-discute-avec-son-fils-sur-le-pas-de-la-porte-1024x683.jpg\" alt=\"m\u00e9thode malo\" class=\"wp-image-1107\" style=\"width:278px;height:auto\" srcset=\"https:\/\/www.vos-idees-nos-projets.fr\/blog\/wp-content\/uploads\/2025\/05\/1920-Web-Pere-discute-avec-son-fils-sur-le-pas-de-la-porte-1024x683.jpg 1024w, https:\/\/www.vos-idees-nos-projets.fr\/blog\/wp-content\/uploads\/2025\/05\/1920-Web-Pere-discute-avec-son-fils-sur-le-pas-de-la-porte-300x200.jpg 300w, https:\/\/www.vos-idees-nos-projets.fr\/blog\/wp-content\/uploads\/2025\/05\/1920-Web-Pere-discute-avec-son-fils-sur-le-pas-de-la-porte-768x512.jpg 768w, https:\/\/www.vos-idees-nos-projets.fr\/blog\/wp-content\/uploads\/2025\/05\/1920-Web-Pere-discute-avec-son-fils-sur-le-pas-de-la-porte-1536x1024.jpg 1536w, https:\/\/www.vos-idees-nos-projets.fr\/blog\/wp-content\/uploads\/2025\/05\/1920-Web-Pere-discute-avec-son-fils-sur-le-pas-de-la-porte.jpg 1920w\" sizes=\"auto, (max-width: 1024px) 100vw, 1024px\" \/><\/figure>\n<\/div>\n\n\n<p>Face \u00e0 ce d\u00e9fi croissant, des solutions innovantes et accessibles se d\u00e9veloppent pour stimuler les fonctions cognitives et accompagner les personnes concern\u00e9es. Parmi ces approches, la m\u00e9thode Malo se distingue par son caract\u00e8re \u00e0 la fois ludique et profond\u00e9ment personnalis\u00e9. Con\u00e7ue par des professionnels de la sant\u00e9 et des aidants familiaux, elle propose un ensemble d&rsquo;activit\u00e9s simples, adapt\u00e9es et facilement r\u00e9alisables pour solliciter la m\u00e9moire, l&rsquo;attention, le langage et l&rsquo;orientation. Cette m\u00e9thode se veut une r\u00e9ponse concr\u00e8te et positive pour aider les personnes \u00e0 maintenir leurs capacit\u00e9s cognitives et \u00e0 vivre pleinement leur quotidien.<\/p>\n\n\n\n<h3 class=\"wp-block-heading\">Objectifs de l&rsquo;article : informer, guider et encourager l&rsquo;utilisation de la m\u00e9thode Malo.<\/h3>\n\n\n\n<p>Cet article a pour ambition de vous faire d\u00e9couvrir la m\u00e9thode Malo dans son ensemble, de vous expliquer son fonctionnement de mani\u00e8re claire et pr\u00e9cise, et de vous d\u00e9montrer ses b\u00e9n\u00e9fices potentiels pour les personnes \u00e2g\u00e9es et\/ou atteintes de troubles cognitifs. Que vous soyez un aidant familial cherchant des solutions pour accompagner votre proche, un professionnel de sant\u00e9 d\u00e9sireux d&rsquo;int\u00e9grer de nouvelles approches dans votre pratique, ou simplement une personne int\u00e9ress\u00e9e par la stimulation cognitive et la pr\u00e9vention du d\u00e9clin cognitif, nous esp\u00e9rons que ce guide complet vous apportera des informations pr\u00e9cieuses et vous encouragera \u00e0 explorer cette m\u00e9thode prometteuse, afin d&rsquo;am\u00e9liorer la qualit\u00e9 de vie des personnes concern\u00e9es.<\/p>\n\n\n\n<h2 class=\"wp-block-heading\">\ud83d\udd0e Comprendre la m\u00e9thode Malo<\/h2>\n\n\n\n<h3 class=\"wp-block-heading\">D\u00e9finition et principes fondamentaux : qu&rsquo;est-ce que la m\u00e9thode Malo et comment fonctionne-t-elle ?<\/h3>\n\n\n\n<p>La m\u00e9thode Malo est une approche de stimulation cognitive con\u00e7ue pour les personnes \u00e2g\u00e9es et\/ou atteintes de troubles cognitifs, tels que la maladie d&rsquo;Alzheimer et les troubles apparent\u00e9s. Elle se base sur des exercices simples et ludiques qui sollicitent diff\u00e9rentes fonctions cognitives : la m\u00e9moire, l&rsquo;attention, le langage et l&rsquo;orientation. L&rsquo;objectif principal de la m\u00e9thode est de ralentir la progression des troubles cognitifs, de maintenir l&rsquo;autonomie et d&rsquo;am\u00e9liorer la qualit\u00e9 de vie des personnes concern\u00e9es.<\/p>\n\n\n\n<p>La m\u00e9thode Malo fonctionne en proposant des activit\u00e9s r\u00e9guli\u00e8res et adapt\u00e9es aux capacit\u00e9s de chaque individu. Elle s&rsquo;appuie sur le principe de la plasticit\u00e9 c\u00e9r\u00e9brale, c&rsquo;est-\u00e0-dire la capacit\u00e9 du cerveau \u00e0 se r\u00e9organiser et \u00e0 cr\u00e9er de nouvelles connexions neuronales tout au long de la vie. En stimulant r\u00e9guli\u00e8rement les fonctions cognitives, on peut renforcer les r\u00e9seaux neuronaux existants et en cr\u00e9er de nouveaux, ce qui permet de compenser les pertes li\u00e9es \u00e0 la maladie ou au vieillissement.<\/p>\n\n\n\n<p>La m\u00e9thode Malo se distingue \u00e9galement par son approche positive et valorisante. Les activit\u00e9s sont con\u00e7ues pour \u00eatre agr\u00e9ables et motivantes, afin d&rsquo;encourager la participation et de pr\u00e9server l&rsquo;estime de soi. L&rsquo;accompagnement de l&rsquo;aidant est essentiel pour adapter les exercices aux besoins de la personne et pour cr\u00e9er un environnement stimulant et s\u00e9curisant.<\/p>\n\n\n\n<h3 class=\"wp-block-heading\">Les cr\u00e9ateurs et leur inspiration : l&rsquo;histoire derri\u00e8re la m\u00e9thode Malo.<\/h3>\n\n\n<div class=\"wp-block-image\">\n<figure class=\"alignright size-large is-resized\"><img loading=\"lazy\" decoding=\"async\" width=\"1024\" height=\"683\" src=\"https:\/\/www.vos-idees-nos-projets.fr\/blog\/wp-content\/uploads\/2025\/05\/1920-Web-Senior-en-fauteuil-joue-aux-echecs-1024x683.jpg\" alt=\"\" class=\"wp-image-1108\" style=\"width:280px;height:auto\" srcset=\"https:\/\/www.vos-idees-nos-projets.fr\/blog\/wp-content\/uploads\/2025\/05\/1920-Web-Senior-en-fauteuil-joue-aux-echecs-1024x683.jpg 1024w, https:\/\/www.vos-idees-nos-projets.fr\/blog\/wp-content\/uploads\/2025\/05\/1920-Web-Senior-en-fauteuil-joue-aux-echecs-300x200.jpg 300w, https:\/\/www.vos-idees-nos-projets.fr\/blog\/wp-content\/uploads\/2025\/05\/1920-Web-Senior-en-fauteuil-joue-aux-echecs-768x512.jpg 768w, https:\/\/www.vos-idees-nos-projets.fr\/blog\/wp-content\/uploads\/2025\/05\/1920-Web-Senior-en-fauteuil-joue-aux-echecs-1536x1024.jpg 1536w, https:\/\/www.vos-idees-nos-projets.fr\/blog\/wp-content\/uploads\/2025\/05\/1920-Web-Senior-en-fauteuil-joue-aux-echecs.jpg 1920w\" sizes=\"auto, (max-width: 1024px) 100vw, 1024px\" \/><\/figure>\n<\/div>\n\n\n<p>La m\u00e9thode Malo est n\u00e9e de la rencontre entre Am\u00e9lie Wallyn, ergoth\u00e9rapeute passionn\u00e9e par la stimulation cognitive, et Nathalie Cailleretz, aidante familiale confront\u00e9e aux d\u00e9fis de la maladie d&rsquo;Alzheimer. Forte de son exp\u00e9rience professionnelle, Am\u00e9lie Wallyn a constat\u00e9 le besoin d&rsquo;outils de stimulation cognitive adapt\u00e9s aux personnes \u00e2g\u00e9es et faciles \u00e0 utiliser pour les aidants familiaux. De son c\u00f4t\u00e9, Nathalie Cailleretz a v\u00e9cu au quotidien les difficult\u00e9s li\u00e9es \u00e0 l&rsquo;accompagnement d&rsquo;un proche atteint de troubles cognitifs, et a ressenti le besoin d&rsquo;une approche plus structur\u00e9e et positive.<\/p>\n\n\n\n<p>De cette collaboration est n\u00e9e la m\u00e9thode Malo, qui combine l&rsquo;expertise d&rsquo;une professionnelle de sant\u00e9 et le v\u00e9cu d&rsquo;une aidante familiale. Le nom de la m\u00e9thode est un hommage \u00e0 la grand-m\u00e8re de Nathalie, Malou, atteinte de la maladie d&rsquo;Alzheimer. C&rsquo;est en cherchant des solutions pour stimuler sa grand-m\u00e8re que Nathalie a eu l&rsquo;id\u00e9e de cr\u00e9er cette m\u00e9thode.<\/p>\n\n\n\n<p>L&rsquo;inspiration de la m\u00e9thode Malo r\u00e9side dans la volont\u00e9 de proposer une approche humaine et personnalis\u00e9e de la stimulation cognitive, qui prenne en compte les besoins et les capacit\u00e9s de chaque individu. Les cr\u00e9atrices ont souhait\u00e9 concevoir un outil simple, accessible et motivant, qui permette aux aidants familiaux de jouer un r\u00f4le actif dans l&rsquo;accompagnement de leur proche et de pr\u00e9server leur qualit\u00e9 de vie.<\/p>\n\n\n\n<h3 class=\"wp-block-heading\">\u00c0 qui s&rsquo;adresse la m\u00e9thode : identifier les b\u00e9n\u00e9ficiaires potentiels.<\/h3>\n\n\n\n<p>La m\u00e9thode Malo s&rsquo;adresse principalement aux personnes \u00e2g\u00e9es pr\u00e9sentant des troubles cognitifs l\u00e9gers \u00e0 mod\u00e9r\u00e9s, qu&rsquo;ils soient li\u00e9s au vieillissement naturel ou \u00e0 des pathologies sp\u00e9cifiques telles que la maladie d&rsquo;Alzheimer et les troubles apparent\u00e9s (maladie \u00e0 corps de Lewy, d\u00e9mence fronto-temporale, etc.). Elle peut \u00e9galement \u00eatre b\u00e9n\u00e9fique pour les personnes ayant subi un traumatisme cr\u00e2nien ou un accident vasculaire c\u00e9r\u00e9bral (AVC) et pr\u00e9sentant des s\u00e9quelles cognitives.<\/p>\n\n\n\n<p>Au-del\u00e0 des personnes directement concern\u00e9es par les troubles cognitifs, la m\u00e9thode Malo s&rsquo;adresse \u00e9galement aux aidants familiaux, qui jouent un r\u00f4le essentiel dans l&rsquo;accompagnement de leurs proches. Elle leur offre un outil simple et structur\u00e9 pour stimuler les fonctions cognitives de leur proche \u00e0 domicile, et leur permet de se sentir plus comp\u00e9tents et confiants dans leur r\u00f4le d&rsquo;aidant. La m\u00e9thode peut \u00e9galement \u00eatre utilis\u00e9e par les professionnels de sant\u00e9 (ergoth\u00e9rapeutes, neuropsychologues, etc.) dans le cadre de leurs interventions aupr\u00e8s des personnes \u00e2g\u00e9es et\/ou atteintes de troubles cognitifs.<\/p>\n\n\n\n<p>En r\u00e9sum\u00e9, la m\u00e9thode Malo s&rsquo;adresse \u00e0 tous ceux qui souhaitent pr\u00e9server ou am\u00e9liorer les fonctions cognitives des personnes \u00e2g\u00e9es et\/ou atteintes de troubles cognitifs, que ce soit \u00e0 titre personnel ou professionnel. Elle se veut une solution accessible et adaptable \u00e0 diff\u00e9rents profils et besoins.<\/p>\n\n\n\n<h2 class=\"wp-block-heading\">\ud83d\ude80 Mettre en \u0153uvre la m\u00e9thode Malo<\/h2>\n\n\n\n<h3 class=\"wp-block-heading\">Le mat\u00e9riel et les outils : description d\u00e9taill\u00e9e des composantes de la m\u00e9thode Malo.<\/h3>\n\n\n\n<p>La m\u00e9thode Malo est con\u00e7ue pour \u00eatre simple d&rsquo;utilisation et accessible \u00e0 tous, m\u00eame sans formation m\u00e9dicale pr\u00e9alable. Elle se compose principalement de deux \u00e9l\u00e9ments :<\/p>\n\n\n\n<ul class=\"wp-block-list\">\n<li><strong>Les cahiers d&rsquo;activit\u00e9s :<\/strong>\u00a0Il s&rsquo;agit de cahiers th\u00e9matiques contenant des exercices vari\u00e9s et ludiques, con\u00e7us pour stimuler les diff\u00e9rentes fonctions cognitives (m\u00e9moire, attention, langage, orientation). Chaque cahier propose un programme d&rsquo;activit\u00e9s structur\u00e9 sur un mois, avec une progression graduelle de la difficult\u00e9. Les activit\u00e9s sont con\u00e7ues pour \u00eatre r\u00e9alisables en autonomie ou avec l&rsquo;aide d&rsquo;un accompagnant.<\/li>\n\n\n\n<li><strong><a href=\"https:\/\/maboussoleaidants.fr\/\" target=\"_blank\" rel=\"noopener\">Le guide de l&rsquo;aidant<\/a> :<\/strong>\u00a0Ce guide pratique est destin\u00e9 aux aidants familiaux et aux professionnels de sant\u00e9 qui accompagnent les personnes utilisant la m\u00e9thode Malo. Il contient des explications d\u00e9taill\u00e9es sur les principes de la m\u00e9thode, des conseils pour adapter les activit\u00e9s aux besoins de chaque individu, et des suggestions pour cr\u00e9er un environnement stimulant et s\u00e9curisant. Il propose \u00e9galement des ressources compl\u00e9mentaires, telles que des vid\u00e9os et des fiches d&rsquo;exercices suppl\u00e9mentaires.<\/li>\n<\/ul>\n\n\n<div class=\"wp-block-image\">\n<figure class=\"aligncenter size-full is-resized\"><a href=\"https:\/\/www.ag2rlamondiale.fr\/tous-nos-services\/service-les-trouvailles-de-pat\" target=\"_blank\" rel=\"noopener\"><img loading=\"lazy\" decoding=\"async\" width=\"649\" height=\"181\" src=\"https:\/\/www.vos-idees-nos-projets.fr\/blog\/wp-content\/uploads\/2025\/05\/Capture-decran-2025-05-19-151215.png\" alt=\"\" class=\"wp-image-1111\" style=\"width:505px;height:auto\" srcset=\"https:\/\/www.vos-idees-nos-projets.fr\/blog\/wp-content\/uploads\/2025\/05\/Capture-decran-2025-05-19-151215.png 649w, https:\/\/www.vos-idees-nos-projets.fr\/blog\/wp-content\/uploads\/2025\/05\/Capture-decran-2025-05-19-151215-300x84.png 300w\" sizes=\"auto, (max-width: 649px) 100vw, 649px\" \/><\/a><\/figure>\n<\/div>\n\n\n<p>Et justement, en parlant de solutions innovantes, avez-vous explor\u00e9 \u00ab\u00a0Les Trouvailles de Pat'\u00a0\u00bb d&rsquo;AG2R LA MONDIALE ? C&rsquo;est un espace rempli de bons plans et de produits sp\u00e9cialement s\u00e9lectionn\u00e9s pour am\u00e9liorer le quotidien des personnes \u00e2g\u00e9es et de leurs aidants. Vous y trouverez des outils compl\u00e9mentaires \u00e0 la m\u00e9thode Malo pour stimuler la m\u00e9moire et l&rsquo;attention de vos proches.<\/p>\n\n\n\n<h3 class=\"wp-block-heading\">D\u00e9roulement d&rsquo;une s\u00e9ance type : guide \u00e9tape par \u00e9tape pour une utilisation optimale.<\/h3>\n\n\n\n<p>Pour tirer le meilleur parti de la m\u00e9thode Malo, il est important de suivre quelques \u00e9tapes cl\u00e9s lors de chaque s\u00e9ance :<\/p>\n\n\n\n<ol class=\"wp-block-list\">\n<li><strong>Choisir un moment propice :<\/strong>\u00a0Optez pour un moment de la journ\u00e9e o\u00f9 la personne est calme, d\u00e9tendue et disponible. \u00c9vitez les p\u00e9riodes de fatigue ou de stress.<\/li>\n\n\n\n<li><strong>Pr\u00e9parer l&rsquo;environnement :<\/strong>\u00a0Assurez-vous que l&rsquo;environnement est calme, confortable et bien \u00e9clair\u00e9. \u00c9liminez les distractions potentielles (t\u00e9l\u00e9vision, t\u00e9l\u00e9phone, etc.).<\/li>\n\n\n\n<li><strong>S\u00e9lectionner l&rsquo;activit\u00e9 :<\/strong>\u00a0Choisissez une activit\u00e9 adapt\u00e9e aux capacit\u00e9s et aux int\u00e9r\u00eats de la personne. Tenez compte de son niveau de difficult\u00e9 et de ses pr\u00e9f\u00e9rences personnelles.<\/li>\n\n\n\n<li><strong>Expliquer l&rsquo;activit\u00e9 :<\/strong>\u00a0Prenez le temps d&rsquo;expliquer clairement le but de l&rsquo;activit\u00e9 et les consignes \u00e0 suivre. Utilisez un langage simple et adapt\u00e9.<\/li>\n\n\n\n<li><strong>Accompagner la personne :<\/strong>\u00a0Encouragez la personne \u00e0 r\u00e9aliser l&rsquo;activit\u00e9, en lui apportant votre soutien et votre aide si n\u00e9cessaire. Soyez patient et valorisez ses efforts.<\/li>\n\n\n\n<li><strong>F\u00e9liciter et encourager :<\/strong>\u00a0Quelle que soit l&rsquo;issue de l&rsquo;activit\u00e9, f\u00e9licitez la personne pour sa participation et encouragez-la \u00e0 poursuivre ses efforts. Mettez l&rsquo;accent sur le plaisir et la satisfaction, plut\u00f4t que sur la performance.<\/li>\n\n\n\n<li><strong>Prendre une pause :<\/strong>\u00a0Apr\u00e8s 30 \u00e0 45 minutes d&rsquo;activit\u00e9, proposez une pause \u00e0 la personne. Profitez-en pour discuter, boire un verre ou faire une promenade.<\/li>\n<\/ol>\n\n\n\n<p>En suivant ces \u00e9tapes simples, vous pouvez cr\u00e9er des s\u00e9ances de stimulation cognitive agr\u00e9ables et b\u00e9n\u00e9fiques pour la personne que vous accompagnez.<\/p>\n\n\n\n<h3 class=\"wp-block-heading\">Exemples d&rsquo;activit\u00e9s et adaptation : comment personnaliser la m\u00e9thode pour r\u00e9pondre aux besoins sp\u00e9cifiques.<\/h3>\n\n\n\n<p>La m\u00e9thode Malo propose une grande vari\u00e9t\u00e9 d&rsquo;activit\u00e9s pour stimuler les diff\u00e9rentes fonctions cognitives. Voici quelques exemples :<\/p>\n\n\n\n<ul class=\"wp-block-list\">\n<li><strong>M\u00e9moire :<\/strong>\u00a0Reconnaissance d&rsquo;images, associations d&rsquo;id\u00e9es, jeux de m\u00e9moire (Kim, loto), questions sur le pass\u00e9.<\/li>\n\n\n\n<li><strong>Attention :<\/strong>\u00a0Jeux des erreurs, labyrinthes, coloriages complexes, exercices de barrage (barrer une lettre ou un chiffre dans un texte).<\/li>\n\n\n\n<li><strong>Langage :<\/strong>\u00a0Lecture \u00e0 voix haute, descriptions d&rsquo;images, jeux de mots, devinettes, exercices de vocabulaire.<\/li>\n\n\n\n<li><strong>Orientation :<\/strong>\u00a0Rep\u00e9rage dans le temps (date, heure, saison), rep\u00e9rage dans l&rsquo;espace (plan de la maison, itin\u00e9raire), questions sur l&rsquo;environnement.<\/li>\n<\/ul>\n\n\n\n<p>L&rsquo;un des atouts de la m\u00e9thode Malo est sa capacit\u00e9 \u00e0 s&rsquo;adapter aux besoins et aux capacit\u00e9s de chaque individu. Il est important de personnaliser les activit\u00e9s en fonction du niveau de difficult\u00e9, des int\u00e9r\u00eats et des pr\u00e9f\u00e9rences de la personne. Voici quelques conseils pour adapter la m\u00e9thode :<\/p>\n\n\n<div class=\"wp-block-image\">\n<figure class=\"alignright size-large is-resized\"><img loading=\"lazy\" decoding=\"async\" width=\"1024\" height=\"683\" src=\"https:\/\/www.vos-idees-nos-projets.fr\/blog\/wp-content\/uploads\/2025\/05\/1920-Web-Senior-alzheimer-detendu-et-bien-chez-soi-1024x683.jpg\" alt=\"\" class=\"wp-image-1109\" style=\"width:260px;height:auto\" srcset=\"https:\/\/www.vos-idees-nos-projets.fr\/blog\/wp-content\/uploads\/2025\/05\/1920-Web-Senior-alzheimer-detendu-et-bien-chez-soi-1024x683.jpg 1024w, https:\/\/www.vos-idees-nos-projets.fr\/blog\/wp-content\/uploads\/2025\/05\/1920-Web-Senior-alzheimer-detendu-et-bien-chez-soi-300x200.jpg 300w, https:\/\/www.vos-idees-nos-projets.fr\/blog\/wp-content\/uploads\/2025\/05\/1920-Web-Senior-alzheimer-detendu-et-bien-chez-soi-768x512.jpg 768w, https:\/\/www.vos-idees-nos-projets.fr\/blog\/wp-content\/uploads\/2025\/05\/1920-Web-Senior-alzheimer-detendu-et-bien-chez-soi-1536x1024.jpg 1536w, https:\/\/www.vos-idees-nos-projets.fr\/blog\/wp-content\/uploads\/2025\/05\/1920-Web-Senior-alzheimer-detendu-et-bien-chez-soi.jpg 1920w\" sizes=\"auto, (max-width: 1024px) 100vw, 1024px\" \/><\/figure>\n<\/div>\n\n\n<ul class=\"wp-block-list\">\n<li><strong>Simplifier les consignes :<\/strong>\u00a0Utilisez un langage simple et clair, et divisez les consignes en \u00e9tapes faciles \u00e0 comprendre.<\/li>\n\n\n\n<li><strong>Adapter le mat\u00e9riel :<\/strong>\u00a0Utilisez des images et des textes de grande taille, et choisissez des supports adapt\u00e9s aux capacit\u00e9s visuelles et motrices de la personne.<\/li>\n\n\n\n<li><strong>Proposer des alternatives :<\/strong>\u00a0Si une activit\u00e9 est trop difficile ou ne pla\u00eet pas \u00e0 la personne, proposez une alternative plus simple ou plus attrayante.<\/li>\n\n\n\n<li><strong>Valoriser les r\u00e9ussites :<\/strong>\u00a0Mettez l&rsquo;accent sur les r\u00e9ussites et les progr\u00e8s de la personne, et encouragez-la \u00e0 pers\u00e9v\u00e9rer.<\/li>\n<\/ul>\n\n\n\n<p>En adaptant la m\u00e9thode Malo aux besoins sp\u00e9cifiques de chaque individu, vous pouvez maximiser les b\u00e9n\u00e9fices de la stimulation cognitive et am\u00e9liorer la qualit\u00e9 de vie des personnes que vous accompagnez.<\/p>\n\n\n\n<h2 class=\"wp-block-heading\">\ud83c\udfaf B\u00e9n\u00e9fices et accessibilit\u00e9<\/h2>\n\n\n\n<h3 class=\"wp-block-heading\">Les avantages pour les personnes atteintes de troubles cognitifs : am\u00e9lioration de la qualit\u00e9 de vie et maintien des fonctions cognitives.<\/h3>\n\n\n\n<p>La m\u00e9thode Malo offre de nombreux avantages pour les personnes atteintes de troubles cognitifs, en contribuant \u00e0 am\u00e9liorer leur qualit\u00e9 de vie et \u00e0 maintenir leurs fonctions cognitives le plus longtemps possible. Parmi les principaux b\u00e9n\u00e9fices, on peut citer :<\/p>\n\n\n\n<ul class=\"wp-block-list\">\n<li><strong>Ralentissement du d\u00e9clin cognitif :<\/strong>\u00a0En stimulant r\u00e9guli\u00e8rement les fonctions cognitives, la m\u00e9thode Malo permet de ralentir la progression des troubles et de pr\u00e9server les capacit\u00e9s existantes.<\/li>\n\n\n\n<li><strong>Am\u00e9lioration de la m\u00e9moire et de l&rsquo;attention :<\/strong>\u00a0Les activit\u00e9s propos\u00e9es permettent de renforcer la m\u00e9moire, l&rsquo;attention et les autres fonctions cognitives, ce qui facilite la r\u00e9alisation des activit\u00e9s de la vie quotidienne.<\/li>\n\n\n\n<li><strong>Maintien de l&rsquo;autonomie :<\/strong>\u00a0En pr\u00e9servant les fonctions cognitives, la m\u00e9thode Malo aide les personnes \u00e0 maintenir leur autonomie et \u00e0 rester actives et ind\u00e9pendantes le plus longtemps possible.<\/li>\n\n\n\n<li><strong>Am\u00e9lioration de l&rsquo;humeur et du bien-\u00eatre :<\/strong>\u00a0Les activit\u00e9s ludiques et valorisantes propos\u00e9es par la m\u00e9thode Malo contribuent \u00e0 am\u00e9liorer l&rsquo;humeur et le bien-\u00eatre des personnes, en leur offrant des moments de plaisir et de satisfaction.<\/li>\n\n\n\n<li><strong>Renforcement du lien social :<\/strong>\u00a0La m\u00e9thode Malo peut \u00eatre utilis\u00e9e en groupe ou en individuel, ce qui favorise le lien social et permet de lutter contre l&rsquo;isolement.<\/li>\n<\/ul>\n\n\n<div class=\"wp-block-image\">\n<figure class=\"aligncenter size-full is-resized\"><a href=\"https:\/\/www.ag2rlamondiale.fr\/tous-nos-services\/service-les-trouvailles-de-pat\" target=\"_blank\" rel=\"noopener\"><img loading=\"lazy\" decoding=\"async\" width=\"649\" height=\"181\" src=\"https:\/\/www.vos-idees-nos-projets.fr\/blog\/wp-content\/uploads\/2025\/05\/Capture-decran-2025-05-19-151215-1.png\" alt=\"\" class=\"wp-image-1112\" style=\"width:493px;height:auto\" srcset=\"https:\/\/www.vos-idees-nos-projets.fr\/blog\/wp-content\/uploads\/2025\/05\/Capture-decran-2025-05-19-151215-1.png 649w, https:\/\/www.vos-idees-nos-projets.fr\/blog\/wp-content\/uploads\/2025\/05\/Capture-decran-2025-05-19-151215-1-300x84.png 300w\" sizes=\"auto, (max-width: 649px) 100vw, 649px\" \/><\/a><\/figure>\n<\/div>\n\n\n<p>D&rsquo;ailleurs, si vous cherchez d&rsquo;autres id\u00e9es pour stimuler la m\u00e9moire de vos proches, n&rsquo;h\u00e9sitez pas \u00e0 explorer \u00ab\u00a0Les Trouvailles de Pat'\u00a0\u00bb d&rsquo;AG2R LA MONDIALE. Vous y d\u00e9couvrirez une s\u00e9lection d&rsquo;objets et de jeux sp\u00e9cialement con\u00e7us pour solliciter les fonctions cognitives et am\u00e9liorer la qualit\u00e9 de vie des personnes \u00e2g\u00e9es.<\/p>\n\n\n\n<h3 class=\"wp-block-heading\">Les avantages pour les aidants familiaux : un outil de soutien et de renforcement du lien.<\/h3>\n\n\n\n<p>La m\u00e9thode Malo ne profite pas seulement aux personnes atteintes de troubles cognitifs, elle offre \u00e9galement de nombreux avantages aux aidants familiaux, qui jouent un r\u00f4le essentiel dans leur accompagnement. Parmi les principaux b\u00e9n\u00e9fices, on peut citer :<\/p>\n\n\n\n<ul class=\"wp-block-list\">\n<li><strong>Un outil simple et facile \u00e0 utiliser :<\/strong>\u00a0La m\u00e9thode Malo est con\u00e7ue pour \u00eatre accessible \u00e0 tous, m\u00eame sans formation m\u00e9dicale pr\u00e9alable. Le guide de l&rsquo;aidant fournit des explications claires et des conseils pratiques pour mettre en \u0153uvre les activit\u00e9s et adapter la m\u00e9thode aux besoins de chaque individu.<\/li>\n\n\n\n<li><strong>Un soutien dans l&rsquo;accompagnement :<\/strong>\u00a0La m\u00e9thode Malo offre un cadre structur\u00e9 et des activit\u00e9s vari\u00e9es pour stimuler les fonctions cognitives de leur proche, ce qui leur permet de se sentir plus comp\u00e9tents et confiants dans leur r\u00f4le d&rsquo;aidant.<\/li>\n\n\n\n<li><strong>Un renforcement du lien social :<\/strong>\u00a0En participant aux activit\u00e9s avec leur proche, les aidants familiaux peuvent renforcer leur lien social et cr\u00e9er des moments de partage et de complicit\u00e9.<\/li>\n\n\n\n<li><strong>Une am\u00e9lioration de la communication :<\/strong>\u00a0Les activit\u00e9s propos\u00e9es par la m\u00e9thode Malo peuvent faciliter la communication et l&rsquo;\u00e9change entre l&rsquo;aidant et son proche, en stimulant le langage et la m\u00e9moire.<\/li>\n\n\n\n<li><strong>Une r\u00e9duction du stress et de la fatigue :<\/strong>\u00a0En offrant un outil structur\u00e9 et des activit\u00e9s adapt\u00e9es, la m\u00e9thode Malo peut contribuer \u00e0 r\u00e9duire le stress et la fatigue des aidants familiaux, en leur permettant de mieux g\u00e9rer leur temps et leurs ressources.<\/li>\n<\/ul>\n\n\n\n<p>En r\u00e9sum\u00e9, la m\u00e9thode Malo est un v\u00e9ritable outil de soutien pour les aidants familiaux, en leur offrant un cadre structur\u00e9, des activit\u00e9s adapt\u00e9es et des moments de partage avec leur proche.<\/p>\n\n\n\n<h3 class=\"wp-block-heading\">O\u00f9 se procurer la m\u00e9thode et comment l&rsquo;int\u00e9grer : informations pratiques et conseils.<\/h3>\n\n\n\n<p>La m\u00e9thode Malo est disponible \u00e0 l&rsquo;achat sur le site officiel de la m\u00e9thode. Vous pouvez opter pour un abonnement mensuel ou annuel, selon vos besoins et vos pr\u00e9f\u00e9rences. La m\u00e9thode est \u00e9galement propos\u00e9e dans certaines structures sp\u00e9cialis\u00e9es, telles que les EHPAD (\u00c9tablissements d&rsquo;H\u00e9bergement pour Personnes \u00c2g\u00e9es D\u00e9pendantes) et les associations d&rsquo;aide aux personnes \u00e2g\u00e9es.<\/p>\n\n\n\n<p>Pour int\u00e9grer la m\u00e9thode Malo dans votre quotidien, voici quelques conseils pratiques :<\/p>\n\n\n<div class=\"wp-block-image\">\n<figure class=\"alignright size-large is-resized\"><img loading=\"lazy\" decoding=\"async\" width=\"683\" height=\"1024\" src=\"https:\/\/www.vos-idees-nos-projets.fr\/blog\/wp-content\/uploads\/2025\/05\/1920-Web-Famille-court-a-la-campagne.-1-683x1024.jpg\" alt=\"\" class=\"wp-image-1110\" style=\"width:199px;height:auto\" srcset=\"https:\/\/www.vos-idees-nos-projets.fr\/blog\/wp-content\/uploads\/2025\/05\/1920-Web-Famille-court-a-la-campagne.-1-683x1024.jpg 683w, https:\/\/www.vos-idees-nos-projets.fr\/blog\/wp-content\/uploads\/2025\/05\/1920-Web-Famille-court-a-la-campagne.-1-200x300.jpg 200w, https:\/\/www.vos-idees-nos-projets.fr\/blog\/wp-content\/uploads\/2025\/05\/1920-Web-Famille-court-a-la-campagne.-1-768x1152.jpg 768w, https:\/\/www.vos-idees-nos-projets.fr\/blog\/wp-content\/uploads\/2025\/05\/1920-Web-Famille-court-a-la-campagne.-1-1024x1536.jpg 1024w, https:\/\/www.vos-idees-nos-projets.fr\/blog\/wp-content\/uploads\/2025\/05\/1920-Web-Famille-court-a-la-campagne.-1-1365x2048.jpg 1365w, https:\/\/www.vos-idees-nos-projets.fr\/blog\/wp-content\/uploads\/2025\/05\/1920-Web-Famille-court-a-la-campagne.-1-scaled.jpg 1707w\" sizes=\"auto, (max-width: 683px) 100vw, 683px\" \/><\/figure>\n<\/div>\n\n\n<ul class=\"wp-block-list\">\n<li><strong>Commencez en douceur :<\/strong>\u00a0Ne cherchez pas \u00e0 tout faire en m\u00eame temps. Commencez par quelques activit\u00e9s simples et courtes, et augmentez progressivement la dur\u00e9e et la difficult\u00e9 des exercices.<\/li>\n\n\n\n<li><strong>Soyez r\u00e9gulier :<\/strong>\u00a0Essayez de consacrer un moment r\u00e9gulier \u00e0 la stimulation cognitive, par exemple 30 minutes par jour ou plusieurs fois par semaine.<\/li>\n\n\n\n<li><strong>Adaptez-vous aux besoins :<\/strong>\u00a0Tenez compte des besoins et des pr\u00e9f\u00e9rences de la personne que vous accompagnez. Proposez des activit\u00e9s vari\u00e9es et stimulantes, et adaptez la m\u00e9thode \u00e0 son niveau de difficult\u00e9.<\/li>\n\n\n\n<li><strong>Faites preuve de patience et de bienveillance :<\/strong>\u00a0La stimulation cognitive demande du temps et de la patience. Soyez bienveillant envers la personne que vous accompagnez, et valorisez ses efforts et ses progr\u00e8s.<\/li>\n\n\n\n<li><strong>N&rsquo;h\u00e9sitez pas \u00e0 demander de l&rsquo;aide :<\/strong>\u00a0Si vous rencontrez des difficult\u00e9s, n&rsquo;h\u00e9sitez pas \u00e0 demander conseil \u00e0 des professionnels de sant\u00e9 ou \u00e0 des associations d&rsquo;aide aux personnes \u00e2g\u00e9es.<\/li>\n<\/ul>\n\n\n\n<p>En suivant ces conseils simples, vous pouvez int\u00e9grer la m\u00e9thode Malo dans votre quotidien et profiter de ses nombreux b\u00e9n\u00e9fices pour vous et votre proche.<\/p>\n\n\n\n<h2 class=\"wp-block-heading\">\ud83c\udfc1 Conclusion<\/h2>\n\n\n\n<h3 class=\"wp-block-heading\">R\u00e9capitulatif des points cl\u00e9s : l&rsquo;importance de la m\u00e9thode Malo pour la stimulation cognitive.<\/h3>\n\n\n\n<p>En r\u00e9sum\u00e9, la m\u00e9thode Malo se pr\u00e9sente comme une approche innovante et accessible pour la stimulation cognitive des personnes \u00e2g\u00e9es et\/ou atteintes de troubles cognitifs. Elle offre une solution simple, structur\u00e9e et personnalisable pour stimuler la m\u00e9moire, l&rsquo;attention, le langage et l&rsquo;orientation, et contribue ainsi \u00e0 ralentir le d\u00e9clin cognitif, \u00e0 maintenir l&rsquo;autonomie et \u00e0 am\u00e9liorer la qualit\u00e9 de vie des personnes concern\u00e9es. Elle offre \u00e9galement un soutien pr\u00e9cieux aux aidants familiaux, en leur fournissant un outil structur\u00e9 et des activit\u00e9s adapt\u00e9es pour accompagner leur proche. Gr\u00e2ce \u00e0 son approche ludique et positive, la m\u00e9thode Malo favorise le bien-\u00eatre et le lien social, et permet de lutter contre l&rsquo;isolement.<\/p>\n\n\n\n<h3 class=\"wp-block-heading\">Encouragement \u00e0 l&rsquo;action : inciter les lecteurs \u00e0 explorer la m\u00e9thode Malo.<\/h3>\n\n\n\n<p>Nous esp\u00e9rons que cet article vous a permis de d\u00e9couvrir la m\u00e9thode Malo et de comprendre ses b\u00e9n\u00e9fices potentiels. Si vous \u00eates un aidant familial, un professionnel de sant\u00e9 ou simplement une personne int\u00e9ress\u00e9e par la stimulation cognitive, nous vous encourageons vivement \u00e0 explorer cette approche prometteuse. N&rsquo;h\u00e9sitez pas \u00e0 vous rendre sur le site officiel de la m\u00e9thode Malo pour en savoir plus et vous procurer les outils n\u00e9cessaires. Vous pouvez \u00e9galement vous rapprocher des associations d&rsquo;aide aux personnes \u00e2g\u00e9es et des professionnels de sant\u00e9 de votre r\u00e9gion pour obtenir des conseils et un accompagnement personnalis\u00e9.<\/p>\n\n\n\n<h3 class=\"wp-block-heading\">Ouverture sur les ressources compl\u00e9mentaires et le soutien disponible : vers un accompagnement global.<\/h3>\n\n\n\n<p>La m\u00e9thode Malo n&rsquo;est qu&rsquo;un outil parmi d&rsquo;autres dans l&rsquo;accompagnement des personnes \u00e2g\u00e9es et\/ou atteintes de troubles cognitifs. Il est important de souligner l&rsquo;importance d&rsquo;une approche globale, qui prenne en compte les besoins m\u00e9dicaux, psychologiques et sociaux de la personne. N&rsquo;h\u00e9sitez pas \u00e0 vous rapprocher des professionnels de sant\u00e9 (m\u00e9decins, infirmiers, ergoth\u00e9rapeutes, psychologues, etc.) et des associations d&rsquo;aide aux personnes \u00e2g\u00e9es pour b\u00e9n\u00e9ficier d&rsquo;un accompagnement personnalis\u00e9 et adapt\u00e9 \u00e0 votre situation. De nombreuses ressources sont disponibles pour vous soutenir et vous aider \u00e0 am\u00e9liorer la qualit\u00e9 de vie des personnes que vous accompagnez. Ensemble, construisons un avenir meilleur pour les personnes \u00e2g\u00e9es et\/ou atteintes de troubles cognitifs.<\/p>\n\n\n<div class=\"wp-block-image\">\n<figure class=\"aligncenter size-full is-resized\"><a href=\"https:\/\/www.vos-idees-nos-projets.fr\/blog\/\"><img loading=\"lazy\" decoding=\"async\" width=\"861\" height=\"247\" src=\"https:\/\/www.vos-idees-nos-projets.fr\/blog\/wp-content\/uploads\/2025\/03\/Capture-decran-2024-12-17-100448.png\" alt=\"m\u00e9thode malo\" class=\"wp-image-1015\" style=\"width:600px;height:auto\" srcset=\"https:\/\/www.vos-idees-nos-projets.fr\/blog\/wp-content\/uploads\/2025\/03\/Capture-decran-2024-12-17-100448.png 861w, https:\/\/www.vos-idees-nos-projets.fr\/blog\/wp-content\/uploads\/2025\/03\/Capture-decran-2024-12-17-100448-300x86.png 300w, https:\/\/www.vos-idees-nos-projets.fr\/blog\/wp-content\/uploads\/2025\/03\/Capture-decran-2024-12-17-100448-768x220.png 768w\" sizes=\"auto, (max-width: 861px) 100vw, 861px\" \/><\/a><\/figure>\n<\/div>\n\n<div class=\"wp-block-image\">\n<figure class=\"aligncenter size-full is-resized\"><a href=\"https:\/\/www.ag2rlamondiale.fr\/groupe\/nos-engagements\/placer-le-client-au-coeur-de-nos-actions\/stimuler-l-innovation\" target=\"_blank\" rel=\"noopener\"><img loading=\"lazy\" decoding=\"async\" width=\"999\" height=\"247\" src=\"https:\/\/www.vos-idees-nos-projets.fr\/blog\/wp-content\/uploads\/2025\/03\/Capture-decran-2024-12-10-153802.png\" alt=\"SAAD\" class=\"wp-image-1023\" style=\"width:648px;height:auto\" srcset=\"https:\/\/www.vos-idees-nos-projets.fr\/blog\/wp-content\/uploads\/2025\/03\/Capture-decran-2024-12-10-153802.png 999w, https:\/\/www.vos-idees-nos-projets.fr\/blog\/wp-content\/uploads\/2025\/03\/Capture-decran-2024-12-10-153802-300x74.png 300w, https:\/\/www.vos-idees-nos-projets.fr\/blog\/wp-content\/uploads\/2025\/03\/Capture-decran-2024-12-10-153802-768x190.png 768w\" sizes=\"auto, (max-width: 999px) 100vw, 999px\" \/><\/a><\/figure>\n<\/div>","protected":false},"excerpt":{"rendered":"<p>La m\u00e9thode Malo : Guide complet pour la stimulation cognitive \ud83d\udc49 Introduction L&rsquo;importance cruciale de la stimulation cognitive : pourquoi stimuler la m\u00e9moire et l&rsquo;attention ? Dans un contexte d&rsquo;allongement de la dur\u00e9e de vie, la stimulation cognitive s&rsquo;impose comme un enjeu majeur de sant\u00e9 publique. Maintenir et pr\u00e9server ses fonctions cognitives, notamment la m\u00e9moire [&hellip;]<\/p>\n","protected":false},"author":10,"featured_media":1113,"comment_status":"closed","ping_status":"open","sticky":false,"template":"","format":"standard","meta":{"footnotes":""},"categories":[141,185],"tags":[182,183,184],"class_list":["post-1105","post","type-post","status-publish","format-standard","has-post-thumbnail","hentry","category-prendre-soin-de-soi","category-bien-vieillir","tag-methode-malo","tag-alzheimer","tag-stimulation-cognitive","entry","has-media"],"_links":{"self":[{"href":"https:\/\/www.vos-idees-nos-projets.fr\/blog\/wp-json\/wp\/v2\/posts\/1105","targetHints":{"allow":["GET"]}}],"collection":[{"href":"https:\/\/www.vos-idees-nos-projets.fr\/blog\/wp-json\/wp\/v2\/posts"}],"about":[{"href":"https:\/\/www.vos-idees-nos-projets.fr\/blog\/wp-json\/wp\/v2\/types\/post"}],"author":[{"embeddable":true,"href":"https:\/\/www.vos-idees-nos-projets.fr\/blog\/wp-json\/wp\/v2\/users\/10"}],"replies":[{"embeddable":true,"href":"https:\/\/www.vos-idees-nos-projets.fr\/blog\/wp-json\/wp\/v2\/comments?post=1105"}],"version-history":[{"count":2,"href":"https:\/\/www.vos-idees-nos-projets.fr\/blog\/wp-json\/wp\/v2\/posts\/1105\/revisions"}],"predecessor-version":[{"id":1114,"href":"https:\/\/www.vos-idees-nos-projets.fr\/blog\/wp-json\/wp\/v2\/posts\/1105\/revisions\/1114"}],"wp:featuredmedia":[{"embeddable":true,"href":"https:\/\/www.vos-idees-nos-projets.fr\/blog\/wp-json\/wp\/v2\/media\/1113"}],"wp:attachment":[{"href":"https:\/\/www.vos-idees-nos-projets.fr\/blog\/wp-json\/wp\/v2\/media?parent=1105"}],"wp:term":[{"taxonomy":"category","embeddable":true,"href":"https:\/\/www.vos-idees-nos-projets.fr\/blog\/wp-json\/wp\/v2\/categories?post=1105"},{"taxonomy":"post_tag","embeddable":true,"href":"https:\/\/www.vos-idees-nos-projets.fr\/blog\/wp-json\/wp\/v2\/tags?post=1105"}],"curies":[{"name":"wp","href":"https:\/\/api.w.org\/{rel}","templated":true}]}}