{"id":1137,"date":"2025-09-24T10:54:54","date_gmt":"2025-09-24T08:54:54","guid":{"rendered":"https:\/\/www.vos-idees-nos-projets.fr\/blog\/?p=1137"},"modified":"2025-09-29T09:21:46","modified_gmt":"2025-09-29T07:21:46","slug":"offre-exclusive-klaro","status":"publish","type":"post","link":"https:\/\/www.vos-idees-nos-projets.fr\/blog\/offre-exclusive-klaro\/","title":{"rendered":"Offre exclusive Klaro &#8211; Profitez de 2 mois offerts"},"content":{"rendered":"\n<h1 class=\"wp-block-heading\">Offre exclusive Klaro &#8211; Profitez de 2 mois offerts<\/h1>\n\n\n\n<p>La fid\u00e9lisation des talents est un d\u00e9fi majeur pour les entreprises d&rsquo;aujourd&rsquo;hui. Dans un march\u00e9 du travail comp\u00e9titif, attirer et retenir les meilleurs \u00e9l\u00e9ments est devenu un enjeu crucial pour assurer la p\u00e9rennit\u00e9 et la croissance de votre organisation. L&rsquo;une des cl\u00e9s de cette fid\u00e9lisation r\u00e9side dans le pouvoir d&rsquo;achat des salari\u00e9s, souvent per\u00e7u comme un barom\u00e8tre de leur bien-\u00eatre et de leur engagement envers l&rsquo;entreprise.<\/p>\n\n\n\n<p>Face \u00e0 cette probl\u00e9matique, AG2R LA MONDIALE s&rsquo;associe \u00e0 Klaro, une solution innovante qui permet de booster le pouvoir d&rsquo;achat de vos salari\u00e9s en leur donnant acc\u00e8s \u00e0 un \u00e9ventail d&rsquo;aides financi\u00e8res auxquelles ils sont \u00e9ligibles. Klaro simplifie l&rsquo;acc\u00e8s \u00e0 ces aides, souvent m\u00e9connues ou difficiles \u00e0 obtenir, offrant ainsi un avantage concret et tangible pour vos employ\u00e9s.<\/p>\n\n\n\n<h2 class=\"wp-block-heading\"><strong>\ud83d\udd0e Comprendre les enjeux du pouvoir d&rsquo;achat des salari\u00e9s<\/strong><\/h2>\n\n\n\n<h3 class=\"wp-block-heading\"><strong>L&rsquo;importance du pouvoir d&rsquo;achat pour la motivation et la fid\u00e9lisation des employ\u00e9s<\/strong><\/h3>\n\n\n\n<p>Un salari\u00e9 qui se sent financi\u00e8rement \u00e0 l&rsquo;aise est un salari\u00e9 plus motiv\u00e9 et plus engag\u00e9. Le pouvoir d&rsquo;achat, c&rsquo;est bien plus qu&rsquo;une simple question de salaire ; il englobe la capacit\u00e9 \u00e0 couvrir les d\u00e9penses essentielles (logement, alimentation, transport), \u00e0 faire face aux impr\u00e9vus et \u00e0 envisager l&rsquo;avenir sereinement.<\/p>\n\n\n\n<p>Lorsque les employ\u00e9s estiment que leur r\u00e9mun\u00e9ration et leurs avantages sociaux sont justes et comp\u00e9titifs, ils sont plus susceptibles de se sentir valoris\u00e9s et reconnus par leur entreprise. Cela se traduit par une plus grande satisfaction au travail, une meilleure productivit\u00e9 et une fid\u00e9lisation accrue. \u00c0 l&rsquo;inverse, un pouvoir d&rsquo;achat insuffisant peut engendrer stress, frustration et d\u00e9sengagement, conduisant \u00e0 un turnover plus \u00e9lev\u00e9 et \u00e0 une baisse de la performance globale de l&rsquo;entreprise.<\/p>\n\n\n\n<p>Investir dans le pouvoir d&rsquo;achat de vos salari\u00e9s, c&rsquo;est donc investir dans le capital humain de votre entreprise. C&rsquo;est un signal fort envoy\u00e9 \u00e0 vos collaborateurs, t\u00e9moignant de votre engagement envers leur bien-\u00eatre et leur \u00e9panouissement professionnel. En am\u00e9liorant leur qualit\u00e9 de vie, vous renforcez leur motivation et leur loyaut\u00e9, cr\u00e9ant ainsi un cercle vertueux b\u00e9n\u00e9fique pour l&rsquo;ensemble de l&rsquo;organisation.<\/p>\n\n\n\n<h3 class=\"wp-block-heading\"><strong>Les dispositifs existants (avantages sociaux, primes) et leurs limites<\/strong><\/h3>\n\n\n<div class=\"wp-block-image\">\n<figure class=\"alignright size-large is-resized\"><img loading=\"lazy\" decoding=\"async\" width=\"680\" height=\"1024\" src=\"https:\/\/www.vos-idees-nos-projets.fr\/blog\/wp-content\/uploads\/2025\/09\/1920-Web-Reunion-de-travail-3-680x1024.jpg\" alt=\"\" class=\"wp-image-1142\" style=\"width:203px;height:auto\" srcset=\"https:\/\/www.vos-idees-nos-projets.fr\/blog\/wp-content\/uploads\/2025\/09\/1920-Web-Reunion-de-travail-3-680x1024.jpg 680w, https:\/\/www.vos-idees-nos-projets.fr\/blog\/wp-content\/uploads\/2025\/09\/1920-Web-Reunion-de-travail-3-199x300.jpg 199w, https:\/\/www.vos-idees-nos-projets.fr\/blog\/wp-content\/uploads\/2025\/09\/1920-Web-Reunion-de-travail-3-768x1156.jpg 768w, https:\/\/www.vos-idees-nos-projets.fr\/blog\/wp-content\/uploads\/2025\/09\/1920-Web-Reunion-de-travail-3-1020x1536.jpg 1020w, https:\/\/www.vos-idees-nos-projets.fr\/blog\/wp-content\/uploads\/2025\/09\/1920-Web-Reunion-de-travail-3-1360x2048.jpg 1360w, https:\/\/www.vos-idees-nos-projets.fr\/blog\/wp-content\/uploads\/2025\/09\/1920-Web-Reunion-de-travail-3-scaled.jpg 1700w\" sizes=\"auto, (max-width: 680px) 100vw, 680px\" \/><\/figure>\n<\/div>\n\n\n<p>De nombreuses entreprises mettent d\u00e9j\u00e0 en place des dispositifs pour soutenir le pouvoir d&rsquo;achat de leurs salari\u00e9s. Parmi les plus courants, on retrouve :<\/p>\n\n\n\n<ul class=\"wp-block-list\">\n<li><strong>Les augmentations de salaire<\/strong>&nbsp;: Bien qu&rsquo;essentielles, elles peuvent \u00eatre limit\u00e9es par les contraintes budg\u00e9taires et ne sont pas toujours suffisantes pour compenser l&rsquo;inflation ou les d\u00e9penses impr\u00e9vues.<\/li>\n\n\n\n<li><strong>Les primes (int\u00e9ressement, participation)<\/strong>&nbsp;: Elles sont li\u00e9es aux r\u00e9sultats de l&rsquo;entreprise et peuvent donc varier d&rsquo;une ann\u00e9e \u00e0 l&rsquo;autre, cr\u00e9ant une incertitude pour les salari\u00e9s.<\/li>\n\n\n\n<li><strong>Les avantages sociaux (tickets restaurant, mutuelle, pr\u00e9voyance)<\/strong>&nbsp;: Ils contribuent au bien-\u00eatre des employ\u00e9s, mais ne couvrent pas n\u00e9cessairement tous leurs besoins financiers.<\/li>\n\n\n\n<li><strong>Les dispositifs d&rsquo;\u00e9pargne salariale (PEE, PERCO)<\/strong>&nbsp;: Ils permettent de se constituer une \u00e9pargne \u00e0 long terme, mais ne r\u00e9pondent pas aux besoins imm\u00e9diats de pouvoir d&rsquo;achat.<\/li>\n<\/ul>\n\n\n\n<p>Si ces dispositifs sont utiles, ils pr\u00e9sentent souvent des limites : complexit\u00e9 administrative, manque de visibilit\u00e9 pour les salari\u00e9s, faible taux d&rsquo;utilisation de certaines aides, etc. De plus, ils ne permettent pas toujours de cibler les besoins sp\u00e9cifiques de chaque employ\u00e9, ni de maximiser l&rsquo;impact des sommes investies.<\/p>\n\n\n\n<p>C&rsquo;est l\u00e0 o\u00f9 une solution comme Klaro peut faire la diff\u00e9rence, en offrant une approche personnalis\u00e9e et centralis\u00e9e pour optimiser le pouvoir d&rsquo;achat de chaque salari\u00e9.<\/p>\n\n\n\n<h3 class=\"wp-block-heading\"><strong>Comment un faible pouvoir d&rsquo;achat impacte la performance de l&rsquo;entreprise<\/strong><\/h3>\n\n\n\n<p>Un pouvoir d&rsquo;achat insuffisant chez les salari\u00e9s peut avoir des cons\u00e9quences n\u00e9fastes sur la performance globale de l&rsquo;entreprise. Les impacts sont multiples :<\/p>\n\n\n\n<ul class=\"wp-block-list\">\n<li><strong>Baisse de la motivation et de l&rsquo;engagement<\/strong>&nbsp;: Des employ\u00e9s pr\u00e9occup\u00e9s par leurs difficult\u00e9s financi\u00e8res sont moins enclins \u00e0 s&rsquo;investir pleinement dans leur travail.<\/li>\n\n\n\n<li><strong>Augmentation de l&rsquo;absent\u00e9isme et du turnover<\/strong>&nbsp;: Le stress financier peut entra\u00eener des probl\u00e8mes de sant\u00e9 et un d\u00e9sir de quitter l&rsquo;entreprise pour trouver de meilleures opportunit\u00e9s.<\/li>\n\n\n\n<li><strong>Diminution de la productivit\u00e9<\/strong>&nbsp;: Des employ\u00e9s d\u00e9motiv\u00e9s et stress\u00e9s sont moins efficaces et commettent plus d&rsquo;erreurs .<\/li>\n\n\n\n<li><strong>D\u00e9gradation de l&rsquo;ambiance de travail<\/strong>&nbsp;: Les tensions financi\u00e8res peuvent cr\u00e9er un climat social d\u00e9l\u00e9t\u00e8re et nuire \u00e0 la collaboration .<\/li>\n\n\n\n<li><strong>Difficult\u00e9s \u00e0 attirer et retenir les talents<\/strong>&nbsp;: Une entreprise qui ne se soucie pas du pouvoir d&rsquo;achat de ses salari\u00e9s risque de perdre des candidats potentiels et de voir ses meilleurs \u00e9l\u00e9ments partir \u00e0 la concurrence.<\/li>\n<\/ul>\n\n\n\n<p>En somme, un faible pouvoir d&rsquo;achat peut engendrer un cercle vicieux qui affecte la rentabilit\u00e9, l&rsquo;image et la p\u00e9rennit\u00e9 de l&rsquo;entreprise. Il est donc essentiel de consid\u00e9rer le pouvoir d&rsquo;achat comme un levier strat\u00e9gique pour am\u00e9liorer la performance globale et renforcer la comp\u00e9titivit\u00e9 de votre organisation.<\/p>\n\n\n\n<h2 class=\"wp-block-heading\"><strong>\ud83c\udfaf Klaro : La solution innovante pour booster le pouvoir d&rsquo;achat<\/strong><\/h2>\n\n\n\n<h3 class=\"wp-block-heading\"><strong>Pr\u00e9sentation d\u00e9taill\u00e9e de Klaro : comment \u00e7a marche ? (Plateforme, aides \u00e9ligibles, etc.)<\/strong><\/h3>\n\n\n\n<p>Klaro est une plateforme innovante con\u00e7ue pour simplifier l&rsquo;acc\u00e8s aux aides financi\u00e8res auxquelles vos salari\u00e9s sont \u00e9ligibles. Son fonctionnement est simple et intuitif :<\/p>\n\n\n\n<ol class=\"wp-block-list\">\n<li><strong>Diagnostic personnalis\u00e9<\/strong>&nbsp;: Chaque salari\u00e9 remplit un questionnaire en ligne pour \u00e9valuer sa situation personnelle et professionnelle.<\/li>\n\n\n\n<li><strong>Identification des aides<\/strong>&nbsp;: Klaro identifie automatiquement les aides auxquelles le salari\u00e9 peut pr\u00e9tendre (aides de l&rsquo;\u00c9tat, aides locales, aides des collectivit\u00e9s, aides sp\u00e9cifiques \u00e0 certains secteurs d&rsquo;activit\u00e9, etc.).<\/li>\n\n\n\n<li><strong>Information centralis\u00e9e<\/strong>&nbsp;: La plateforme regroupe toutes les informations utiles sur chaque aide : conditions d&rsquo;\u00e9ligibilit\u00e9, montants, d\u00e9marches \u00e0 suivre, etc.<\/li>\n\n\n\n<li><strong>Accompagnement personnalis\u00e9<\/strong>&nbsp;: Klaro guide le salari\u00e9 dans ses d\u00e9marches et l&rsquo;aide \u00e0 constituer son dossier de demande.<\/li>\n\n\n\n<li><strong>Suivi des demandes<\/strong>&nbsp;: Le salari\u00e9 peut suivre l&rsquo;\u00e9volution de ses demandes en temps r\u00e9el sur la plateforme.<\/li>\n<\/ol>\n\n\n\n<p>Klaro se distingue par sa capacit\u00e9 \u00e0 centraliser et \u00e0 simplifier l&rsquo;acc\u00e8s \u00e0 une multitude d&rsquo;aides souvent m\u00e9connues ou difficiles \u00e0 obtenir. La plateforme est constamment mise \u00e0 jour pour int\u00e9grer les nouvelles aides et les \u00e9volutions r\u00e9glementaires.<\/p>\n\n\n\n<h3 class=\"wp-block-heading\"><strong>Les avantages de Klaro pour les salari\u00e9s : acc\u00e8s simplifi\u00e9 aux aides, augmentation du pouvoir d&rsquo;achat, etc.<\/strong><\/h3>\n\n\n<div class=\"wp-block-image\">\n<figure class=\"alignright size-large is-resized\"><img loading=\"lazy\" decoding=\"async\" width=\"683\" height=\"1024\" src=\"https:\/\/www.vos-idees-nos-projets.fr\/blog\/wp-content\/uploads\/2025\/09\/1920-Web-Homme-se-rendant-a-son-travail-683x1024.jpg\" alt=\"\" class=\"wp-image-1143\" style=\"width:206px;height:auto\" srcset=\"https:\/\/www.vos-idees-nos-projets.fr\/blog\/wp-content\/uploads\/2025\/09\/1920-Web-Homme-se-rendant-a-son-travail-683x1024.jpg 683w, https:\/\/www.vos-idees-nos-projets.fr\/blog\/wp-content\/uploads\/2025\/09\/1920-Web-Homme-se-rendant-a-son-travail-200x300.jpg 200w, https:\/\/www.vos-idees-nos-projets.fr\/blog\/wp-content\/uploads\/2025\/09\/1920-Web-Homme-se-rendant-a-son-travail-768x1152.jpg 768w, https:\/\/www.vos-idees-nos-projets.fr\/blog\/wp-content\/uploads\/2025\/09\/1920-Web-Homme-se-rendant-a-son-travail-1024x1536.jpg 1024w, https:\/\/www.vos-idees-nos-projets.fr\/blog\/wp-content\/uploads\/2025\/09\/1920-Web-Homme-se-rendant-a-son-travail-1365x2048.jpg 1365w, https:\/\/www.vos-idees-nos-projets.fr\/blog\/wp-content\/uploads\/2025\/09\/1920-Web-Homme-se-rendant-a-son-travail-scaled.jpg 1707w\" sizes=\"auto, (max-width: 683px) 100vw, 683px\" \/><\/figure>\n<\/div>\n\n\n<p>Klaro offre de nombreux avantages concrets pour les salari\u00e9s :<\/p>\n\n\n\n<ul class=\"wp-block-list\">\n<li><strong>Acc\u00e8s simplifi\u00e9 aux aides<\/strong>&nbsp;: Klaro centralise toutes les informations et les d\u00e9marches \u00e0 suivre, \u00e9vitant aux salari\u00e9s de passer des heures \u00e0 chercher et \u00e0 comprendre les diff\u00e9rentes aides disponibles.<\/li>\n\n\n\n<li><strong>Augmentation du pouvoir d&rsquo;achat<\/strong>&nbsp;: En identifiant et en facilitant l&rsquo;acc\u00e8s aux aides, Klaro permet aux salari\u00e9s de b\u00e9n\u00e9ficier de revenus compl\u00e9mentaires et d&rsquo;am\u00e9liorer leur situation financi\u00e8re.<\/li>\n\n\n\n<li><strong>Gain de temps<\/strong>&nbsp;: Klaro automatise de nombreuses t\u00e2ches administratives, permettant aux salari\u00e9s de gagner du temps et de se concentrer sur leurs priorit\u00e9s.<\/li>\n\n\n\n<li><strong>Accompagnement personnalis\u00e9<\/strong>&nbsp;: Klaro offre un accompagnement personnalis\u00e9 pour chaque salari\u00e9, r\u00e9pondant \u00e0 ses questions et l&rsquo;aidant \u00e0 constituer son dossier de demande.<\/li>\n\n\n\n<li><strong>Confidentialit\u00e9 des donn\u00e9es<\/strong>&nbsp;: Klaro garantit la confidentialit\u00e9 des donn\u00e9es personnelles des salari\u00e9s et respecte les r\u00e9glementations en vigueur en mati\u00e8re de protection des donn\u00e9es.<\/li>\n<\/ul>\n\n\n\n<p>En somme, Klaro permet aux salari\u00e9s de b\u00e9n\u00e9ficier pleinement des aides auxquelles ils ont droit, am\u00e9liorant ainsi leur pouvoir d&rsquo;achat et leur qualit\u00e9 de vie.<\/p>\n\n\n\n<h3 class=\"wp-block-heading\"><strong>Les avantages de Klaro pour les entreprises : fid\u00e9lisation des talents, am\u00e9lioration de la marque employeur, etc.<\/strong><\/h3>\n\n\n\n<p>En plus d&rsquo;\u00eatre b\u00e9n\u00e9fique pour les salari\u00e9s, Klaro offre de nombreux avantages pour les entreprises :<\/p>\n\n\n\n<ul class=\"wp-block-list\">\n<li><strong>Fid\u00e9lisation des talents<\/strong>&nbsp;: En am\u00e9liorant le pouvoir d&rsquo;achat des salari\u00e9s, Klaro contribue \u00e0 renforcer leur engagement et leur loyaut\u00e9 envers l&rsquo;entreprise.<\/li>\n\n\n\n<li><strong>Am\u00e9lioration de la marque employeur<\/strong>&nbsp;: Proposer Klaro \u00e0 vos salari\u00e9s t\u00e9moigne de votre engagement envers leur bien-\u00eatre financier, ce qui renforce votre attractivit\u00e9 aupr\u00e8s des candidats potentiels.<\/li>\n\n\n\n<li><strong>Diff\u00e9renciation par rapport \u00e0 la concurrence<\/strong>&nbsp;: Klaro est une solution innovante qui vous permet de vous d\u00e9marquer des autres entreprises et d&rsquo;attirer les meilleurs talents.<\/li>\n\n\n\n<li><strong>Optimisation des co\u00fbts<\/strong>&nbsp;: En aidant vos salari\u00e9s \u00e0 b\u00e9n\u00e9ficier des aides auxquelles ils ont droit, vous optimisez l&rsquo;impact de votre politique de r\u00e9mun\u00e9ration et de vos avantages sociaux.<\/li>\n\n\n\n<li><strong>Am\u00e9lioration du climat social<\/strong>&nbsp;: En r\u00e9duisant le stress financier des salari\u00e9s, Klaro contribue \u00e0 cr\u00e9er un environnement de travail plus serein et plus productif.<\/li>\n<\/ul>\n\n\n\n<p>En investissant dans Klaro, vous investissez dans le capital humain de votre entreprise et vous vous donnez les moyens d&rsquo;attirer, de fid\u00e9liser et de motiver vos talents.<\/p>\n\n\n<div class=\"wp-block-image\">\n<figure class=\"aligncenter size-full is-resized\"><a href=\"https:\/\/www.ag2rlamondiale.fr\/tous-nos-services\/service-les-trouvailles-de-pat#klaro\" target=\"_blank\" rel=\"noopener\"><img loading=\"lazy\" decoding=\"async\" width=\"730\" height=\"172\" src=\"https:\/\/www.vos-idees-nos-projets.fr\/blog\/wp-content\/uploads\/2025\/09\/Capture-decran-2025-09-29-091921.png\" alt=\"\" class=\"wp-image-1149\" style=\"width:611px;height:auto\" srcset=\"https:\/\/www.vos-idees-nos-projets.fr\/blog\/wp-content\/uploads\/2025\/09\/Capture-decran-2025-09-29-091921.png 730w, https:\/\/www.vos-idees-nos-projets.fr\/blog\/wp-content\/uploads\/2025\/09\/Capture-decran-2025-09-29-091921-300x71.png 300w\" sizes=\"auto, (max-width: 730px) 100vw, 730px\" \/><\/a><\/figure>\n<\/div>\n\n\n<h2 class=\"wp-block-heading\"><strong>\ud83d\udd75\ufe0f Comment mettre en place Klaro dans votre entreprise ?<\/strong><\/h2>\n\n\n\n<h3 class=\"wp-block-heading\"><strong>Analyse des besoins de l&rsquo;entreprise et des salari\u00e9s<\/strong><\/h3>\n\n\n\n<p>Avant de mettre en place Klaro dans votre entreprise, il est essentiel d&rsquo;analyser vos besoins sp\u00e9cifiques et ceux de vos salari\u00e9s. Voici quelques questions \u00e0 vous poser :<\/p>\n\n\n\n<ul class=\"wp-block-list\">\n<li><strong>Quels sont les principaux d\u00e9fis en mati\u00e8re de pouvoir d&rsquo;achat auxquels sont confront\u00e9s vos salari\u00e9s ?<\/strong>&nbsp;(Logement, transport, garde d&rsquo;enfants, etc.)<\/li>\n\n\n\n<li><strong>Quels sont les dispositifs d&rsquo;aide existants dans votre entreprise ?<\/strong>&nbsp;(Avantages sociaux, primes, etc.)<\/li>\n\n\n\n<li><strong>Quel est le taux d&rsquo;utilisation de ces dispositifs ?<\/strong><\/li>\n\n\n\n<li><strong>Quels sont les besoins sp\u00e9cifiques de vos salari\u00e9s en fonction de leur \u00e2ge, de leur situation familiale, de leur niveau de revenu, etc.?<\/strong><\/li>\n\n\n\n<li><strong>Quels sont vos objectifs en mati\u00e8re de fid\u00e9lisation, de marque employeur et de performance globale de l&rsquo;entreprise ?<\/strong><\/li>\n<\/ul>\n\n\n\n<p>En r\u00e9pondant \u00e0 ces questions, vous pourrez mieux cibler les besoins de vos salari\u00e9s et adapter la mise en place de Klaro \u00e0 votre contexte sp\u00e9cifique. <\/p>\n\n\n\n<h3 class=\"wp-block-heading\"><strong>Int\u00e9gration de Klaro : aspects techniques et logistiques<\/strong><\/h3>\n\n\n\n<p>L&rsquo;int\u00e9gration de Klaro dans votre entreprise est simple et rapide. Voici les principales \u00e9tapes :<\/p>\n\n\n\n<ol class=\"wp-block-list\">\n<li><strong>Param\u00e9trage de la plateforme<\/strong>&nbsp;: Vous personnalisez la plateforme Klaro aux couleurs de votre entreprise et vous d\u00e9finissez les param\u00e8tres d&rsquo;acc\u00e8s pour vos salari\u00e9s.<\/li>\n\n\n\n<li><strong>Import des donn\u00e9es<\/strong>&nbsp;: Vous importez les donn\u00e9es de vos salari\u00e9s (nom, pr\u00e9nom, adresse, etc.) dans la plateforme Klaro. Klaro s&rsquo;engage \u00e0 respecter la confidentialit\u00e9 de ces donn\u00e9es et \u00e0 les prot\u00e9ger conform\u00e9ment aux r\u00e9glementations en vigueur.<\/li>\n\n\n\n<li><strong>Formation des \u00e9quipes RH<\/strong>&nbsp;: Les \u00e9quipes Klaro et AG2R LA MONDIALE vous forment \u00e0 l&rsquo;utilisation de la plateforme et vous donnent les cl\u00e9s pour accompagner vos salari\u00e9s.<\/li>\n\n\n\n<li><strong>Mise \u00e0 disposition de supports de communication<\/strong>&nbsp;: Vous mettez \u00e0 disposition de vos salari\u00e9s des supports de communication (affiches, flyers, e-mails, etc.) pour les informer de l&rsquo;arriv\u00e9e de Klaro et les inciter \u00e0 utiliser la plateforme.<\/li>\n<\/ol>\n\n\n\n<p>Klaro s&rsquo;int\u00e8gre facilement \u00e0 votre syst\u00e8me d&rsquo;information et ne n\u00e9cessite pas de comp\u00e9tences techniques particuli\u00e8res. Les \u00e9quipes Klaro et AG2R LA MONDIALE sont \u00e0 votre disposition pour vous accompagner \u00e0 chaque \u00e9tape du processus.<\/p>\n\n\n\n<h3 class=\"wp-block-heading\"><strong>Communication aupr\u00e8s des salari\u00e9s pour une adoption r\u00e9ussie de la solution<\/strong><\/h3>\n\n\n\n<p>Une communication efficace est essentielle pour assurer une adoption r\u00e9ussie de Klaro par vos salari\u00e9s. Voici quelques conseils :<\/p>\n\n\n\n<ul class=\"wp-block-list\">\n<li><strong>Annonce officielle<\/strong>&nbsp;: Annoncez l&rsquo;arriv\u00e9e de Klaro \u00e0 vos salari\u00e9s lors d&rsquo;une r\u00e9union ou par e-mail, en expliquant les avantages de la solution et en insistant sur votre engagement envers leur bien-\u00eatre financier.<\/li>\n\n\n\n<li><strong>Sessions de pr\u00e9sentation<\/strong>&nbsp;: Organisez des sessions de pr\u00e9sentation de Klaro pour vos salari\u00e9s, en leur montrant comment utiliser la plateforme et en r\u00e9pondant \u00e0 leurs questions.<\/li>\n\n\n\n<li><strong>T\u00e9moignages<\/strong>&nbsp;: Recueillez des t\u00e9moignages de salari\u00e9s ayant d\u00e9j\u00e0 utilis\u00e9 Klaro et partagez-les avec vos coll\u00e8gues.<\/li>\n\n\n\n<li><strong>Supports de communication<\/strong>&nbsp;: Mettez \u00e0 disposition de vos salari\u00e9s des supports de communication clairs et attractifs (affiches, flyers, vid\u00e9os, etc.).<\/li>\n\n\n\n<li><strong>FAQ<\/strong>&nbsp;: Cr\u00e9ez une FAQ pour r\u00e9pondre aux questions les plus fr\u00e9quentes de vos salari\u00e9s.<\/li>\n\n\n\n<li><strong>Suivi<\/strong>&nbsp;: Suivez l&rsquo;utilisation de Klaro par vos salari\u00e9s et recueillez leurs commentaires pour am\u00e9liorer la solution et adapter votre communication.<\/li>\n<\/ul>\n\n\n\n<p>En communiquant de mani\u00e8re transparente et en impliquant vos salari\u00e9s dans le processus, vous maximiserez les chances de succ\u00e8s de Klaro dans votre entreprise.<\/p>\n\n\n<div class=\"wp-block-image\">\n<figure class=\"aligncenter size-full is-resized\"><a href=\"https:\/\/www.ag2rlamondiale.fr\/tous-nos-services\/service-les-trouvailles-de-pat#klaro\" target=\"_blank\" rel=\"noopener\"><img loading=\"lazy\" decoding=\"async\" width=\"730\" height=\"172\" src=\"https:\/\/www.vos-idees-nos-projets.fr\/blog\/wp-content\/uploads\/2025\/09\/Capture-decran-2025-09-29-091921-1.png\" alt=\"\" class=\"wp-image-1151\" style=\"width:620px;height:auto\" srcset=\"https:\/\/www.vos-idees-nos-projets.fr\/blog\/wp-content\/uploads\/2025\/09\/Capture-decran-2025-09-29-091921-1.png 730w, https:\/\/www.vos-idees-nos-projets.fr\/blog\/wp-content\/uploads\/2025\/09\/Capture-decran-2025-09-29-091921-1-300x71.png 300w\" sizes=\"auto, (max-width: 730px) 100vw, 730px\" \/><\/a><\/figure>\n<\/div>\n\n\n<h2 class=\"wp-block-heading\">\ud83c\udfc1 <strong>Conclusion<\/strong><\/h2>\n\n\n\n<p>Klaro repr\u00e9sente une opportunit\u00e9 unique pour les entreprises soucieuses du bien-\u00eatre de leurs salari\u00e9s et de leur performance globale. En simplifiant l&rsquo;acc\u00e8s aux aides financi\u00e8res et en augmentant le pouvoir d&rsquo;achat de vos collaborateurs, Klaro contribue \u00e0 renforcer leur engagement, leur fid\u00e9lit\u00e9 et leur motivation.<\/p>\n\n\n\n<p>L&rsquo;offre exclusive Klaro &amp; AG2R LA MONDIALE est une occasion \u00e0 ne pas manquer pour b\u00e9n\u00e9ficier d&rsquo;un tarif pr\u00e9f\u00e9rentiel, d&rsquo;un accompagnement personnalis\u00e9 et de fonctionnalit\u00e9s exclusives.<\/p>\n\n\n\n<p>N&rsquo;attendez plus pour contacter votre conseiller AG2R LA MONDIALE et d\u00e9couvrir comment Klaro peut transformer votre politique de r\u00e9mun\u00e9ration et booster votre marque employeur. Ensemble, construisons un avenir o\u00f9 le pouvoir d&rsquo;achat n&rsquo;est plus un frein, mais un moteur de la r\u00e9ussite pour vos salari\u00e9s et votre entreprise.<\/p>\n\n\n<div class=\"wp-block-image\">\n<figure class=\"aligncenter size-full is-resized\"><a href=\"https:\/\/www.vos-idees-nos-projets.fr\/blog\/\"><img loading=\"lazy\" decoding=\"async\" width=\"883\" height=\"274\" src=\"https:\/\/www.vos-idees-nos-projets.fr\/blog\/wp-content\/uploads\/2024\/12\/Capture-decran-2024-12-20-104755.png\" alt=\"klaro\" class=\"wp-image-897\" style=\"width:725px;height:auto\" srcset=\"https:\/\/www.vos-idees-nos-projets.fr\/blog\/wp-content\/uploads\/2024\/12\/Capture-decran-2024-12-20-104755.png 883w, https:\/\/www.vos-idees-nos-projets.fr\/blog\/wp-content\/uploads\/2024\/12\/Capture-decran-2024-12-20-104755-300x93.png 300w, https:\/\/www.vos-idees-nos-projets.fr\/blog\/wp-content\/uploads\/2024\/12\/Capture-decran-2024-12-20-104755-768x238.png 768w\" sizes=\"auto, (max-width: 883px) 100vw, 883px\" \/><\/a><\/figure>\n<\/div>\n\n<div class=\"wp-block-image\">\n<figure class=\"aligncenter size-full is-resized\"><a href=\"https:\/\/www.ag2rlamondiale.fr\/groupe\/nos-engagements\/placer-le-client-au-coeur-de-nos-actions\/stimuler-l-innovation\" target=\"_blank\" rel=\"noopener\"><img loading=\"lazy\" decoding=\"async\" width=\"999\" height=\"247\" src=\"https:\/\/www.vos-idees-nos-projets.fr\/blog\/wp-content\/uploads\/2025\/03\/Capture-decran-2024-12-10-153802.png\" alt=\"klaro\" class=\"wp-image-1023\" style=\"width:801px;height:auto\" srcset=\"https:\/\/www.vos-idees-nos-projets.fr\/blog\/wp-content\/uploads\/2025\/03\/Capture-decran-2024-12-10-153802.png 999w, https:\/\/www.vos-idees-nos-projets.fr\/blog\/wp-content\/uploads\/2025\/03\/Capture-decran-2024-12-10-153802-300x74.png 300w, https:\/\/www.vos-idees-nos-projets.fr\/blog\/wp-content\/uploads\/2025\/03\/Capture-decran-2024-12-10-153802-768x190.png 768w\" sizes=\"auto, (max-width: 999px) 100vw, 999px\" \/><\/a><\/figure>\n<\/div>","protected":false},"excerpt":{"rendered":"<p>Offre exclusive Klaro &#8211; Profitez de 2 mois offerts La fid\u00e9lisation des talents est un d\u00e9fi majeur pour les entreprises d&rsquo;aujourd&rsquo;hui. Dans un march\u00e9 du travail comp\u00e9titif, attirer et retenir les meilleurs \u00e9l\u00e9ments est devenu un enjeu crucial pour assurer la p\u00e9rennit\u00e9 et la croissance de votre organisation. L&rsquo;une des cl\u00e9s de cette fid\u00e9lisation r\u00e9side [&hellip;]<\/p>\n","protected":false},"author":10,"featured_media":1148,"comment_status":"closed","ping_status":"open","sticky":false,"template":"","format":"standard","meta":{"footnotes":""},"categories":[186],"tags":[166,181,188,92,99,110],"class_list":["post-1137","post","type-post","status-publish","format-standard","has-post-thumbnail","hentry","category-prendre-soin-de-ses-salaries","tag-btob","tag-rh","tag-cse","tag-plateforme-digitale","tag-aide-financiere","tag-entreprise","entry","has-media"],"_links":{"self":[{"href":"https:\/\/www.vos-idees-nos-projets.fr\/blog\/wp-json\/wp\/v2\/posts\/1137","targetHints":{"allow":["GET"]}}],"collection":[{"href":"https:\/\/www.vos-idees-nos-projets.fr\/blog\/wp-json\/wp\/v2\/posts"}],"about":[{"href":"https:\/\/www.vos-idees-nos-projets.fr\/blog\/wp-json\/wp\/v2\/types\/post"}],"author":[{"embeddable":true,"href":"https:\/\/www.vos-idees-nos-projets.fr\/blog\/wp-json\/wp\/v2\/users\/10"}],"replies":[{"embeddable":true,"href":"https:\/\/www.vos-idees-nos-projets.fr\/blog\/wp-json\/wp\/v2\/comments?post=1137"}],"version-history":[{"count":5,"href":"https:\/\/www.vos-idees-nos-projets.fr\/blog\/wp-json\/wp\/v2\/posts\/1137\/revisions"}],"predecessor-version":[{"id":1150,"href":"https:\/\/www.vos-idees-nos-projets.fr\/blog\/wp-json\/wp\/v2\/posts\/1137\/revisions\/1150"}],"wp:featuredmedia":[{"embeddable":true,"href":"https:\/\/www.vos-idees-nos-projets.fr\/blog\/wp-json\/wp\/v2\/media\/1148"}],"wp:attachment":[{"href":"https:\/\/www.vos-idees-nos-projets.fr\/blog\/wp-json\/wp\/v2\/media?parent=1137"}],"wp:term":[{"taxonomy":"category","embeddable":true,"href":"https:\/\/www.vos-idees-nos-projets.fr\/blog\/wp-json\/wp\/v2\/categories?post=1137"},{"taxonomy":"post_tag","embeddable":true,"href":"https:\/\/www.vos-idees-nos-projets.fr\/blog\/wp-json\/wp\/v2\/tags?post=1137"}],"curies":[{"name":"wp","href":"https:\/\/api.w.org\/{rel}","templated":true}]}}