{"id":517,"date":"2024-08-29T16:00:34","date_gmt":"2024-08-29T14:00:34","guid":{"rendered":"https:\/\/www.vos-idees-nos-projets.fr\/blog\/?p=517"},"modified":"2024-12-16T16:57:04","modified_gmt":"2024-12-16T15:57:04","slug":"vacances-pour-seniors-pat","status":"publish","type":"post","link":"https:\/\/www.vos-idees-nos-projets.fr\/blog\/vacances-pour-seniors-pat\/","title":{"rendered":"Vacances pour seniors  les meilleurs s\u00e9jours tout compris pour les s\u00e9niors"},"content":{"rendered":"\n<h1 class=\"wp-block-heading\"><strong>Les<\/strong>&nbsp;vacances pour seniors, sp\u00e9cialement con\u00e7ues pour votre bien-\u00eatre et votre \u00e9panouissement.<\/h1>\n\n\n\n<p><strong>Les voyages<\/strong> constituent une formidable opportunit\u00e9 de <strong>se d\u00e9tendre et recharger les batteries<\/strong>\u00a0apr\u00e8s une vie bien remplie. Vous pourrez e<strong>xplorer de nouveaux horizons<\/strong>\u00a0et enrichir vos connaissances, tout en r<strong>encontrant de nouvelles personnes<\/strong>\u00a0et partageant des moments de convivialit\u00e9. De plus cela vous permet de r<strong>ester actifs<\/strong>\u00a0et de maintenir une bonne sant\u00e9 physique et mentale, essentiel \u00e0 votre bien \u00eatre.<\/p>\n\n\n\n<p><strong>Saviez-vous que<\/strong> :<\/p>\n\n\n\n<p><strong>&#8211; Plus d&rsquo;un tiers des s\u00e9niors<\/strong>&nbsp;en France partent en vacances chaque ann\u00e9e.<\/p>\n\n\n\n<p>&#8211; La&nbsp;<strong>demande pour des voyages adapt\u00e9s \u00e0 leurs besoins<\/strong>&nbsp;ne cesse de cro\u00eetre.<\/p>\n\n\n\n<p>&#8211; De nombreux clubs vacances existent pour r\u00e9pondre \u00e0 tous les go\u00fbts et tarifs.<\/p>\n\n\n\n<p><strong>Cet article vous propose un guide complet pour organiser vos prochaines vacances<\/strong> <strong>pour seniors<\/strong> :<\/p>\n\n\n\n<ul class=\"wp-block-list\">\n<li><strong>Des destinations de vacance pour un s\u00e9jour tout compris<\/strong>&nbsp;en France et \u00e0 l&rsquo;\u00e9tranger<\/li>\n\n\n\n<li><strong>Plusieurs conseils pratiques<\/strong>&nbsp;pour bien se pr\u00e9parer avant le d\u00e9part, profiter pleinement de son voyage et revenir en pleine forme.<\/li>\n\n\n\n<li><strong>T\u00e9moignages de vacanciers<\/strong>&nbsp;qui partagent leurs exp\u00e9riences et leurs recommandations.<\/li>\n<\/ul>\n\n\n<div class=\"wp-block-image\">\n<figure class=\"aligncenter size-large is-resized\"><a href=\"https:\/\/www.ag2rlamondiale.fr\/particulier\/tous-nos-services\/conseil-les-trouvailles-de-pat#groopiz\" target=\"_blank\" rel=\"noopener\"><img loading=\"lazy\" decoding=\"async\" width=\"1024\" height=\"312\" src=\"https:\/\/www.vos-idees-nos-projets.fr\/blog\/wp-content\/uploads\/2024\/03\/image-21-1024x312.png\" alt=\"Vacances pour seniors\n\" class=\"wp-image-555\" style=\"width:548px;height:auto\" srcset=\"https:\/\/www.vos-idees-nos-projets.fr\/blog\/wp-content\/uploads\/2024\/03\/image-21-1024x312.png 1024w, https:\/\/www.vos-idees-nos-projets.fr\/blog\/wp-content\/uploads\/2024\/03\/image-21-300x91.png 300w, https:\/\/www.vos-idees-nos-projets.fr\/blog\/wp-content\/uploads\/2024\/03\/image-21-768x234.png 768w, https:\/\/www.vos-idees-nos-projets.fr\/blog\/wp-content\/uploads\/2024\/03\/image-21-604x184.png 604w, https:\/\/www.vos-idees-nos-projets.fr\/blog\/wp-content\/uploads\/2024\/03\/image-21.png 1366w\" sizes=\"auto, (max-width: 1024px) 100vw, 1024px\" \/><\/a><\/figure>\n<\/div>\n\n\n<p class=\"has-text-align-center\"><strong>Groopiz acteur engag\u00e9 pour les vacances des s\u00e9niors est sur les Trouvailles de Pat&rsquo;&nbsp; &nbsp;<\/strong><\/p>\n\n\n\n<h2 class=\"wp-block-heading\">\ud83c\udfd6\ufe0f <strong>Les destinations populaires des vacances pour s\u00e9niors<\/strong><\/h2>\n\n\n\n<p><strong>Lieu de s\u00e9jour en France<\/strong><\/p>\n\n\n<div class=\"wp-block-image\">\n<figure class=\"aligncenter is-resized\"><img decoding=\"async\" src=\"https:\/\/www.francebleu.fr\/s3\/cruiser-production\/2022\/07\/2baf1958-9bb8-402a-a2eb-799f8011d295\/1200x680_maxstockworld438696.jpg\" alt=\"Tourisme : pourquoi la Bretagne ? - France Bleu\" style=\"width:536px;height:auto\"\/><\/figure>\n<\/div>\n\n\n<p>&nbsp;On retrouve parmi les plus belles r\u00e9gions c\u00f4ti\u00e8res, avec h\u00e9bergement en pension compl\u00e8te, la C\u00f4te d&rsquo;Azur, la Bretagne, la Normandie ou la Charente-Maritime.&nbsp; &nbsp; &nbsp; &nbsp; &nbsp; &nbsp; &nbsp; &nbsp; &nbsp; &nbsp; &nbsp; &nbsp; &nbsp; &nbsp; &nbsp; &nbsp; &nbsp; &nbsp; &nbsp; &nbsp; &nbsp; &nbsp; &nbsp; &nbsp; &nbsp; &nbsp; &nbsp; &nbsp; &nbsp; &nbsp; &nbsp; &nbsp; &nbsp; &nbsp; &nbsp; &nbsp; &nbsp; &nbsp; &nbsp; &nbsp; &nbsp; &nbsp; &nbsp; &nbsp; &nbsp; &nbsp; &nbsp; &nbsp; &nbsp;<\/p>\n\n\n\n<p>Vous aurez la possibilit\u00e9 de vous \u00e9panouir \u00e0 travers la visites de mus\u00e9es et de sites historiques. Voyager en France est plus facile d&rsquo;acc\u00e8s, avec une proximit\u00e9 avec vos proches et une d\u00e9couverte de la gastronomie locale.<\/p>\n\n\n\n<p><strong>Des id\u00e9es de voyages \u00e0 l&rsquo;\u00e9tranger<\/strong><\/p>\n\n\n\n<p>Nous vous recommandons comme top destinations,l&rsquo;Espagne, l&rsquo;Italie, le Portugal ou la Gr\u00e8ce si vous pr\u00e9f\u00e9rez rester en Europe. Hors continent, vous pouvez d\u00e9couvrir de nouvelles cultures avec des offres de vacances seniors : Croisi\u00e8res en M\u00e9diterran\u00e9e, voyages au Maroc, en Tha\u00eflande ou en Turquie. Pour voyager \u00e0 l&rsquo;\u00e9tranger, nous vous conseillerons d&rsquo;apprendre quelques notions de la langue locale, choisir les s\u00e9jours les plus s\u00fbrs et de souscrire \u00e0 une assurance voyage adapt\u00e9e.<\/p>\n\n\n<div class=\"wp-block-image\">\n<figure class=\"alignright size-large is-resized\"><img loading=\"lazy\" decoding=\"async\" width=\"1024\" height=\"682\" src=\"https:\/\/www.vos-idees-nos-projets.fr\/blog\/wp-content\/uploads\/2024\/08\/1280-Web-Senior-qui-se-protege-du-soleil-1024x682.jpg\" alt=\"\" class=\"wp-image-741\" style=\"width:290px;height:auto\" srcset=\"https:\/\/www.vos-idees-nos-projets.fr\/blog\/wp-content\/uploads\/2024\/08\/1280-Web-Senior-qui-se-protege-du-soleil-1024x682.jpg 1024w, https:\/\/www.vos-idees-nos-projets.fr\/blog\/wp-content\/uploads\/2024\/08\/1280-Web-Senior-qui-se-protege-du-soleil-300x200.jpg 300w, https:\/\/www.vos-idees-nos-projets.fr\/blog\/wp-content\/uploads\/2024\/08\/1280-Web-Senior-qui-se-protege-du-soleil-768x512.jpg 768w, https:\/\/www.vos-idees-nos-projets.fr\/blog\/wp-content\/uploads\/2024\/08\/1280-Web-Senior-qui-se-protege-du-soleil.jpg 1280w\" sizes=\"auto, (max-width: 1024px) 100vw, 1024px\" \/><\/figure>\n<\/div>\n\n\n<p><strong> S\u00e9jours th\u00e9matiques sp\u00e9cifiques<\/strong><\/p>\n\n\n\n<ul class=\"wp-block-list\">\n<li><strong>Croisi\u00e8res adapt\u00e9es aux vacances pour s\u00e9niors<\/strong>\u00a0: Confort et divertissement \u00e0 bord, excursions organis\u00e9es(randonn\u00e9es, club lecture&#8230;) et programme seniors en vacances pour enrichir vos connaissances. <\/li>\n\n\n\n<li><strong>S\u00e9jours bien-\u00eatre et d\u00e9tente<\/strong>&nbsp;: Thalassoth\u00e9rapie, spa, yoga, m\u00e9ditation.<\/li>\n\n\n\n<li><strong>Exp\u00e9riences culinaires et gastronomiques, un atout des s\u00e9jours en vacances pour les&nbsp;seniors.<\/strong>&nbsp;:&nbsp; Sp\u00e9cialit\u00e9s locales, cours de cuisine, visites de vignobles.<\/li>\n<\/ul>\n\n\n\n<p><strong>L&rsquo;aventure commence !<\/strong><\/p>\n\n\n\n<p>Continuez votre lecture si vous souhaitez d\u00e9couvrir des conseils pratiques pour organiser vos prochaines vacances pour seniors inoubliables.<\/p>\n\n\n\n<h2 class=\"wp-block-heading\">\ud83e\uddf3 C<em>onseils pratiques avant le d\u00e9part en vacances pour les s\u00e9niors<\/em><\/h2>\n\n\n\n<h3 class=\"wp-block-heading\">Pr\u00e9parer son voyage\u00a0<\/h3>\n\n\n\n<h4 class=\"wp-block-heading\">Les documents n\u00e9cessaires et formalit\u00e9s administratives<\/h4>\n\n\n\n<ul class=\"wp-block-list\">\n<li>Passeport ou carte d&rsquo;identit\u00e9 en cours de validit\u00e9, essentiel pour profiter de vos s\u00e9jour pour seniors en toute tranquillit\u00e9<\/li>\n\n\n\n<li>Visa pour les destinations internationales<\/li>\n\n\n\n<li>Billets d&rsquo;avion ou de train<\/li>\n\n\n\n<li>Assurance voyage<\/li>\n\n\n\n<li>Attestation de vaccination COVID-19 (si n\u00e9cessaire)<\/li>\n\n\n\n<li>Formulaires de sant\u00e9 et de d\u00e9claration d&rsquo;entr\u00e9e (selon les destinations)<\/li>\n<\/ul>\n\n\n\n<h4 class=\"wp-block-heading\">Sant\u00e9 et assurances voyage recommand\u00e9es<\/h4>\n\n\n\n<p>N&rsquo;h\u00e9sitez pas \u00e0 effectuer une visite m\u00e9dicale et un bilan de sant\u00e9 avant le d\u00e9part. Afin d&rsquo;\u00eatre mis \u00e0 jour sur les vaccinations. Vous pouvez aussi prescrire \u00e0 une assurance voyage couvrant les frais m\u00e9dicaux, l&rsquo;assistance rapatriement et l&rsquo;annulation de voyage. Il est important de vous renseigner sur les risques sanitaires et les mesures de s\u00e9curit\u00e9 locales.<\/p>\n\n\n\n<h4 class=\"wp-block-heading\">Des pr\u00e9cautions \u00e0 prendre avant le d\u00e9part<\/h4>\n\n\n<div class=\"wp-block-image\">\n<figure class=\"alignright size-large is-resized\"><img loading=\"lazy\" decoding=\"async\" width=\"683\" height=\"1024\" src=\"https:\/\/www.vos-idees-nos-projets.fr\/blog\/wp-content\/uploads\/2024\/08\/1280-Web-Senior-pianotant-sur-portable-683x1024.jpg\" alt=\"\" class=\"wp-image-744\" style=\"width:261px;height:auto\" srcset=\"https:\/\/www.vos-idees-nos-projets.fr\/blog\/wp-content\/uploads\/2024\/08\/1280-Web-Senior-pianotant-sur-portable-683x1024.jpg 683w, https:\/\/www.vos-idees-nos-projets.fr\/blog\/wp-content\/uploads\/2024\/08\/1280-Web-Senior-pianotant-sur-portable-200x300.jpg 200w, https:\/\/www.vos-idees-nos-projets.fr\/blog\/wp-content\/uploads\/2024\/08\/1280-Web-Senior-pianotant-sur-portable-768x1152.jpg 768w, https:\/\/www.vos-idees-nos-projets.fr\/blog\/wp-content\/uploads\/2024\/08\/1280-Web-Senior-pianotant-sur-portable-1024x1536.jpg 1024w, https:\/\/www.vos-idees-nos-projets.fr\/blog\/wp-content\/uploads\/2024\/08\/1280-Web-Senior-pianotant-sur-portable.jpg 1280w\" sizes=\"auto, (max-width: 683px) 100vw, 683px\" \/><\/figure>\n<\/div>\n\n\n<ul class=\"wp-block-list\">\n<li>Photocopies des documents importants (passeport, carte d&rsquo;identit\u00e9, assurance voyage)<\/li>\n\n\n\n<li>Num\u00e9ros d&rsquo;urgence et contacts utiles \u00e0 port\u00e9e de main<\/li>\n\n\n\n<li>Information des proches de l&rsquo;itin\u00e9raire et des dates de voyage<\/li>\n\n\n\n<li>Adaptation du traitement m\u00e9dical en cas de besoin<\/li>\n\n\n\n<li>Pr\u00e9cautions contre le vol et la perte de bagages<\/li>\n<\/ul>\n\n\n\n<h3 class=\"wp-block-heading\">Bagages et \u00e9quipements utiles<\/h3>\n\n\n\n<h4 class=\"wp-block-heading\">Liste des essentiels \u00e0 emporter en voyage<\/h4>\n\n\n\n<ul class=\"wp-block-list\">\n<li>V\u00eatements adapt\u00e9s au climat et aux activit\u00e9s pr\u00e9vues<\/li>\n\n\n\n<li>Chaussures confortables pour marcher<\/li>\n\n\n\n<li>Trousse de secours et m\u00e9dicaments personnels<\/li>\n\n\n\n<li>Lunettes de soleil et chapeau<\/li>\n\n\n\n<li>Produits d&rsquo;hygi\u00e8ne et de beaut\u00e9<\/li>\n\n\n\n<li>Adaptateur \u00e9lectrique (si n\u00e9cessaire)<\/li>\n\n\n\n<li>Appareil photo et chargeur, indispensables pour immortaliser les moments pass\u00e9s en village club<\/li>\n<\/ul>\n\n\n\n<h4 class=\"wp-block-heading\">Conseils pour voyager l\u00e9ger et pratique lors de vacances pour seniors<\/h4>\n\n\n\n<p>Pour vous assurer un confort, veuillez privil\u00e9gier des v\u00eatements multifonctions et des bagages l\u00e9gers et facile \u00e0 transporter,&nbsp; afin de ne pas vous surcharger. Rouler les v\u00eatements au lieu de les plier, pour optimiser de l&rsquo;espace. Et \u00e9viter d&#8217;emporter avec vous des objets superflus.<\/p>\n\n\n\n<p>Adapter vos bagages par rapport \u00e0 vos besoins sp\u00e9cifiques. Pr\u00e9voir votre canne ou d\u00e9ambulateur si n\u00e9cessaire. Vos appareils auditif, piles de rechanges (uniquement en bagage de soute) et loupe de lecture doivent aussi faire partis de vos essentiels.<\/p>\n\n\n\n<p><em>Le t\u00e9l\u00e9phone portable est un outil utile lors de vos s\u00e9jours. Pour les seniors privil\u00e9giez un t\u00e9l\u00e9phone avec des touches larges et un son clair !<\/em><\/p>\n\n\n<div class=\"wp-block-image\">\n<figure class=\"alignright size-large is-resized\"><img loading=\"lazy\" decoding=\"async\" width=\"1024\" height=\"682\" src=\"https:\/\/www.vos-idees-nos-projets.fr\/blog\/wp-content\/uploads\/2024\/08\/1280-Web-Senior-appelant-et-prenant-un-cafe-dans-un-bistro-1024x682.jpg\" alt=\"\" class=\"wp-image-743\" style=\"width:342px;height:auto\" srcset=\"https:\/\/www.vos-idees-nos-projets.fr\/blog\/wp-content\/uploads\/2024\/08\/1280-Web-Senior-appelant-et-prenant-un-cafe-dans-un-bistro-1024x682.jpg 1024w, https:\/\/www.vos-idees-nos-projets.fr\/blog\/wp-content\/uploads\/2024\/08\/1280-Web-Senior-appelant-et-prenant-un-cafe-dans-un-bistro-300x200.jpg 300w, https:\/\/www.vos-idees-nos-projets.fr\/blog\/wp-content\/uploads\/2024\/08\/1280-Web-Senior-appelant-et-prenant-un-cafe-dans-un-bistro-768x512.jpg 768w, https:\/\/www.vos-idees-nos-projets.fr\/blog\/wp-content\/uploads\/2024\/08\/1280-Web-Senior-appelant-et-prenant-un-cafe-dans-un-bistro.jpg 1280w\" sizes=\"auto, (max-width: 1024px) 100vw, 1024px\" \/><\/figure>\n<\/div>\n\n\n<h3 class=\"wp-block-heading\">\ud83d\udcde <em>Communication et s\u00e9curit\u00e9 en voyage<\/em><\/h3>\n\n\n\n<h4 class=\"wp-block-heading\">Moyens de communication \u00e0 privil\u00e9gier en voyage<\/h4>\n\n\n\n<ul class=\"wp-block-list\">\n<li>Un t\u00e9l\u00e9phone portable et une carte SIM locale<\/li>\n\n\n\n<li>Une application de traduction<\/li>\n\n\n\n<li>Un guide touristique avec les num\u00e9ros d&rsquo;urgence<\/li>\n<\/ul>\n\n\n\n<h4 class=\"wp-block-heading\">Mesures de s\u00e9curit\u00e9 \u00e0 prendre en compte<\/h4>\n\n\n\n<p>Lors de vos s\u00e9jours, il est important de rester vigilant face aux pickpockets et aux arnaques. \u00c9vitez de laisser des objets de valeur sans surveillance. Afin d&rsquo;assurer un bon d\u00e9roulement, respectez les r\u00e8gles et coutumes locales et renseignez-vous sur les zones \u00e0 \u00e9viter.<\/p>\n\n\n\n<p>Contacts utiles en cas d&rsquo;urgence<\/p>\n\n\n\n<ul class=\"wp-block-list\">\n<li>Ambassade ou consulat de France ( rajouter un lien registre consulat)<\/li>\n\n\n\n<li>Police locale<\/li>\n\n\n\n<li>Services d&rsquo;urgence&nbsp;<\/li>\n<\/ul>\n\n\n\n<h4 class=\"wp-block-heading\"><a href=\"https:\/\/www.ag2rlamondiale.fr\/particulier\/tous-nos-services\/conseil-les-trouvailles-de-pat\" target=\"_blank\" rel=\"noopener\"><\/a>Les meilleurs voyages&nbsp; pour seniors en vacances sont sur les Trouvailles de Pat&rsquo; !&nbsp;<\/h4>\n\n\n\n<h2 class=\"wp-block-heading\">\ud83d\uddfa\ufe0f Exp\u00e9rience de voyage et t\u00e9moignages : partage d&rsquo;exp\u00e9riences de voyages pass\u00e9s<\/h2>\n\n\n\n<h4 class=\"wp-block-heading\">R\u00e9cits de voyages enrichissants pour les s\u00e9niors seuls<\/h4>\n\n\n\n<p><strong>H\u00e9l\u00e8ne, 66 ans :<\/strong><\/p>\n\n\n\n<p>\u00ab\u00a0J&rsquo;ai toujours r\u00eav\u00e9 de d\u00e9couvrir le Maroc. J&rsquo;ai finalement franchi le pas en participant \u00e0 des vacances pour s\u00e9niors organis\u00e9es  et quelle chance ! J&rsquo;ai rencontr\u00e9 des personnes formidables, d\u00e9couvert une incroyable culture et v\u00e9cu des vacances inoubliables. Je planifie un s\u00e9jour \u00e0 th\u00e8me pour l&rsquo;\u00e9t\u00e9 prochain, peut-\u00eatre des vacances en France, \u00e0 travers un circuit\u00a0\u00bb<\/p>\n\n\n\n<p><strong>Pierre, 60 ans :<\/strong><\/p>\n\n\n<div class=\"wp-block-image\">\n<figure class=\"alignright size-large is-resized\"><img loading=\"lazy\" decoding=\"async\" width=\"1024\" height=\"683\" src=\"https:\/\/www.vos-idees-nos-projets.fr\/blog\/wp-content\/uploads\/2024\/08\/1920-Web-Deux-femmes-seniors-en-randonnee-1024x683.jpg\" alt=\"\" class=\"wp-image-742\" style=\"width:371px;height:auto\" srcset=\"https:\/\/www.vos-idees-nos-projets.fr\/blog\/wp-content\/uploads\/2024\/08\/1920-Web-Deux-femmes-seniors-en-randonnee-1024x683.jpg 1024w, https:\/\/www.vos-idees-nos-projets.fr\/blog\/wp-content\/uploads\/2024\/08\/1920-Web-Deux-femmes-seniors-en-randonnee-300x200.jpg 300w, https:\/\/www.vos-idees-nos-projets.fr\/blog\/wp-content\/uploads\/2024\/08\/1920-Web-Deux-femmes-seniors-en-randonnee-768x512.jpg 768w, https:\/\/www.vos-idees-nos-projets.fr\/blog\/wp-content\/uploads\/2024\/08\/1920-Web-Deux-femmes-seniors-en-randonnee-1536x1024.jpg 1536w, https:\/\/www.vos-idees-nos-projets.fr\/blog\/wp-content\/uploads\/2024\/08\/1920-Web-Deux-femmes-seniors-en-randonnee.jpg 1920w\" sizes=\"auto, (max-width: 1024px) 100vw, 1024px\" \/><\/figure>\n<\/div>\n\n\n<p>\u00ab\u00a0Ma premi\u00e8re croisi\u00e8re en Janvier 2024 fut une exp\u00e9rience extraordinaire ! Laisser la logistique de c\u00f4t\u00e9 et profiter d&rsquo;un h\u00e9bergement tout confort \u00e9tait tellement relaxant. Ce type de s\u00e9jour m&rsquo;a permis de participer \u00e0 des excursions fascinantes et nou\u00e9 des amiti\u00e9s durables avec d&rsquo;autres participants.\u00a0\u00bb<\/p>\n\n\n\n<h4 class=\"wp-block-heading\">Rencontres et d\u00e9couvertes lors des clubs de vacances<\/h4>\n\n\n\n<ul class=\"wp-block-list\">\n<li>Occasion de se faire de nouveaux amis<\/li>\n\n\n\n<li>Partage d&rsquo;int\u00e9r\u00eats et de passions communes<\/li>\n\n\n\n<li>D\u00e9couverte de la vie locale et des traditions<\/li>\n\n\n\n<li>Sentiment d&rsquo;appartenance \u00e0 un groupe<\/li>\n<\/ul>\n\n\n\n<h4 class=\"wp-block-heading\">Impact positif des vacances pour seniors sur votre bien-\u00eatre\u00a0<\/h4>\n\n\n\n<p>Les vacances pour seniors permettent une diminution du stress et de l&rsquo;anxi\u00e9t\u00e9. Les activit\u00e9s et le changement face \u00e0 la routine, am\u00e9liorent votre moral et votre confiance en vous. Lors de ces s\u00e9jours s\u00e9niors, vous renforcerez votre autonomie et esprit d&rsquo;aventure, notamment gr\u00e2ce \u00e0 des destinations extraordinaires !<\/p>\n\n\n\n<h3 class=\"wp-block-heading\">\ud83e\uddd3 Les avantages sociaux et psychologiques des vacances pour seniors seuls<\/h3>\n\n\n\n<h4 class=\"wp-block-heading\">Effets b\u00e9n\u00e9fiques sur la sant\u00e9 mentale et \u00e9motionnelle des seniors<\/h4>\n\n\n\n<ul class=\"wp-block-list\">\n<li>Lutte contre l&rsquo;isolement et la solitude<\/li>\n\n\n\n<li>Stimulation cognitive et intellectuelle<\/li>\n\n\n\n<li>Diminution du risque de d\u00e9pression<\/li>\n\n\n\n<li>Am\u00e9lioration de la qualit\u00e9 de vie<\/li>\n<\/ul>\n\n\n\n<h2 class=\"wp-block-heading\"><strong>\u00a0\ud83d\udcc3<\/strong> <strong>Conclusion<\/strong><\/h2>\n\n\n\n<p><strong>Les vacances pour seniors sont une source de bien-\u00eatre et d&rsquo;\u00e9panouissement pour les seniors.<\/strong> Elles permettent de se d\u00e9tendre, d&rsquo;explorer\u00a0de nouveaux horizons, de rencontrer de nouvelles personnes et de maintenir une vie active et sociale.<\/p>\n\n\n\n<p>En suivant les conseils pratiques de cet article, vous pouvez organiser des vacances r\u00e9ussies et profiter pleinement de votre retraite.<\/p>\n\n\n\n<p>N&rsquo;h\u00e9sitez pas \u00e0 contacter Groopiz pour b\u00e9n\u00e9ficier de vacances organis\u00e9es.<\/p>\n\n\n\n<p>Avez-vous des conseils ou des astuces \u00e0 partager pour organiser des vacances pour seniors r\u00e9ussies ?<\/p>\n\n\n\n<p>N&rsquo;h\u00e9sitez pas \u00e0 laisser un commentaire ci-dessous et \u00e0 partager vos exp\u00e9riences avec la communaut\u00e9 !<\/p>\n\n\n\n<p><strong>En partageant nos connaissances et nos bons plans, nous pouvons tous profiter au maximum de nos vacances pour seniors !<\/strong><\/p>\n\n\n<div class=\"wp-block-image\">\n<figure class=\"aligncenter size-large\"><a href=\"https:\/\/www.ag2rlamondiale.fr\/particulier\/tous-nos-services\/conseil-les-trouvailles-de-pat#groopiz\" target=\"_blank\" rel=\"noopener\"><img loading=\"lazy\" decoding=\"async\" width=\"1024\" height=\"312\" src=\"https:\/\/www.vos-idees-nos-projets.fr\/blog\/wp-content\/uploads\/2024\/03\/image-21-1024x312.png\" alt=\"\" class=\"wp-image-555\" srcset=\"https:\/\/www.vos-idees-nos-projets.fr\/blog\/wp-content\/uploads\/2024\/03\/image-21-1024x312.png 1024w, https:\/\/www.vos-idees-nos-projets.fr\/blog\/wp-content\/uploads\/2024\/03\/image-21-300x91.png 300w, https:\/\/www.vos-idees-nos-projets.fr\/blog\/wp-content\/uploads\/2024\/03\/image-21-768x234.png 768w, https:\/\/www.vos-idees-nos-projets.fr\/blog\/wp-content\/uploads\/2024\/03\/image-21-604x184.png 604w, https:\/\/www.vos-idees-nos-projets.fr\/blog\/wp-content\/uploads\/2024\/03\/image-21.png 1366w\" sizes=\"auto, (max-width: 1024px) 100vw, 1024px\" \/><\/a><\/figure>\n<\/div>\n\n\n<figure class=\"wp-block-image size-large\"><a href=\"https:\/\/www.ag2rlamondiale.fr\/groupe\/nos-engagements\/placer-le-client-au-coeur-de-nos-actions\/stimuler-l-innovation\" target=\"_blank\" rel=\"noopener\"><img loading=\"lazy\" decoding=\"async\" width=\"1024\" height=\"256\" src=\"https:\/\/www.vos-idees-nos-projets.fr\/blog\/wp-content\/uploads\/2024\/10\/LE-BLOG-DE-PAT-3-1024x256.png\" alt=\"\" class=\"wp-image-664\" srcset=\"https:\/\/www.vos-idees-nos-projets.fr\/blog\/wp-content\/uploads\/2024\/10\/LE-BLOG-DE-PAT-3-1024x256.png 1024w, https:\/\/www.vos-idees-nos-projets.fr\/blog\/wp-content\/uploads\/2024\/10\/LE-BLOG-DE-PAT-3-300x75.png 300w, https:\/\/www.vos-idees-nos-projets.fr\/blog\/wp-content\/uploads\/2024\/10\/LE-BLOG-DE-PAT-3-768x192.png 768w, https:\/\/www.vos-idees-nos-projets.fr\/blog\/wp-content\/uploads\/2024\/10\/LE-BLOG-DE-PAT-3-1536x384.png 1536w, https:\/\/www.vos-idees-nos-projets.fr\/blog\/wp-content\/uploads\/2024\/10\/LE-BLOG-DE-PAT-3.png 1600w\" sizes=\"auto, (max-width: 1024px) 100vw, 1024px\" \/><\/a><\/figure>\n\n\n\n<p><a href=\"https:\/\/www.vos-idees-nos-projets.fr\/blog\/?p=523&amp;preview=true\">Retrouvez d&rsquo;autres articles sur ce sujet&#8230;<\/a><\/p>\n","protected":false},"excerpt":{"rendered":"<p>Les&nbsp;vacances pour seniors, sp\u00e9cialement con\u00e7ues pour votre bien-\u00eatre et votre \u00e9panouissement. Les voyages constituent une formidable opportunit\u00e9 de se d\u00e9tendre et recharger les batteries\u00a0apr\u00e8s une vie bien remplie. Vous pourrez explorer de nouveaux horizons\u00a0et enrichir vos connaissances, tout en rencontrant de nouvelles personnes\u00a0et partageant des moments de convivialit\u00e9. De plus cela vous permet de rester [&hellip;]<\/p>\n","protected":false},"author":10,"featured_media":750,"comment_status":"closed","ping_status":"open","sticky":false,"template":"","format":"standard","meta":{"footnotes":""},"categories":[141],"tags":[],"class_list":["post-517","post","type-post","status-publish","format-standard","has-post-thumbnail","hentry","category-prendre-soin-de-soi","entry","has-media"],"_links":{"self":[{"href":"https:\/\/www.vos-idees-nos-projets.fr\/blog\/wp-json\/wp\/v2\/posts\/517","targetHints":{"allow":["GET"]}}],"collection":[{"href":"https:\/\/www.vos-idees-nos-projets.fr\/blog\/wp-json\/wp\/v2\/posts"}],"about":[{"href":"https:\/\/www.vos-idees-nos-projets.fr\/blog\/wp-json\/wp\/v2\/types\/post"}],"author":[{"embeddable":true,"href":"https:\/\/www.vos-idees-nos-projets.fr\/blog\/wp-json\/wp\/v2\/users\/10"}],"replies":[{"embeddable":true,"href":"https:\/\/www.vos-idees-nos-projets.fr\/blog\/wp-json\/wp\/v2\/comments?post=517"}],"version-history":[{"count":8,"href":"https:\/\/www.vos-idees-nos-projets.fr\/blog\/wp-json\/wp\/v2\/posts\/517\/revisions"}],"predecessor-version":[{"id":745,"href":"https:\/\/www.vos-idees-nos-projets.fr\/blog\/wp-json\/wp\/v2\/posts\/517\/revisions\/745"}],"wp:featuredmedia":[{"embeddable":true,"href":"https:\/\/www.vos-idees-nos-projets.fr\/blog\/wp-json\/wp\/v2\/media\/750"}],"wp:attachment":[{"href":"https:\/\/www.vos-idees-nos-projets.fr\/blog\/wp-json\/wp\/v2\/media?parent=517"}],"wp:term":[{"taxonomy":"category","embeddable":true,"href":"https:\/\/www.vos-idees-nos-projets.fr\/blog\/wp-json\/wp\/v2\/categories?post=517"},{"taxonomy":"post_tag","embeddable":true,"href":"https:\/\/www.vos-idees-nos-projets.fr\/blog\/wp-json\/wp\/v2\/tags?post=517"}],"curies":[{"name":"wp","href":"https:\/\/api.w.org\/{rel}","templated":true}]}}