{"id":70,"date":"2022-01-18T23:30:00","date_gmt":"2022-01-18T22:30:00","guid":{"rendered":"http:\/\/www.vos-idees-nos-projets.fr\/blog\/?p=70"},"modified":"2024-12-05T15:31:56","modified_gmt":"2024-12-05T14:31:56","slug":"pouvoir-dachat-klaro","status":"publish","type":"post","link":"https:\/\/www.vos-idees-nos-projets.fr\/blog\/pouvoir-dachat-klaro\/","title":{"rendered":"D\u00e9couvrez et testez Klaro, l&rsquo;application qui booste le pouvoir d&rsquo;achat de vos collaborateurs"},"content":{"rendered":"\n<p>Saviez-vous qu&rsquo;en moyenne, chacun de vos salari\u00e9s passe \u00e0 c\u00f4t\u00e9 de 110 \u20ac d&rsquo;aides par mois ? L&rsquo;application <strong>Klaro<\/strong> vous aide \u00e0 boostez leur pouvoir d&rsquo;achat ! Klaro prend en compte la situation de chaque collaborateur et leurs changements de statut pour leur proposer\u00a0<strong>les aides dont ils ont besoin<\/strong>, et les guide <strong>pas \u00e0 pas<\/strong>\u00a0dans ses d\u00e9marches administratives.<\/p>\n\n\n\n<h3 class=\"wp-block-heading\"><strong>D\u00e9couvrez et testez <a href=\"https:\/\/bit.ly\/testez-klaro\" data-type=\"URL\" data-id=\"https:\/\/bit.ly\/testez-klaro\" target=\"_blank\" rel=\"noopener\">Klaro<\/a>, et <\/strong>boostez le pouvoir d&rsquo;achat de<strong> vos collaborateurs \ud83d\udc47<\/strong>  <\/h3>\n\n\n\n<!--more-->\n\n\n\n<figure class=\"wp-block-image size-large is-resized\"><a href=\"https:\/\/www.vos-idees-nos-projets.fr\/lestrouvaillesdepat\/toutesmesaides-drafty\/\"><img loading=\"lazy\" decoding=\"async\" src=\"http:\/\/www.vos-idees-nos-projets.fr\/blog\/wp-content\/uploads\/2022\/01\/Infographie-Toutes-Mes-Aides-2-709x1024.png\" alt=\"\" class=\"wp-image-155\" width=\"841\" height=\"1215\" srcset=\"https:\/\/www.vos-idees-nos-projets.fr\/blog\/wp-content\/uploads\/2022\/01\/Infographie-Toutes-Mes-Aides-2-709x1024.png 709w, https:\/\/www.vos-idees-nos-projets.fr\/blog\/wp-content\/uploads\/2022\/01\/Infographie-Toutes-Mes-Aides-2-208x300.png 208w, https:\/\/www.vos-idees-nos-projets.fr\/blog\/wp-content\/uploads\/2022\/01\/Infographie-Toutes-Mes-Aides-2-187x270.png 187w, https:\/\/www.vos-idees-nos-projets.fr\/blog\/wp-content\/uploads\/2022\/01\/Infographie-Toutes-Mes-Aides-2.png 720w\" sizes=\"auto, (max-width: 841px) 100vw, 841px\" \/><\/a><\/figure>\n\n\n\n<h3 class=\"wp-block-heading\">Vous souhaitez tester le service de \u00ab\u00a0<a href=\"https:\/\/bit.ly\/testez-klaro\" data-type=\"URL\" data-id=\"https:\/\/bit.ly\/testez-klaro\" target=\"_blank\" rel=\"noreferrer noopener\">Klaro<\/a>\u00a0\u00bb ? C&rsquo;est tout simple !<\/h3>\n\n\n\n<p>Il suffit de vous rendre sur la page de la start-up disponible depuis la plateforme <strong>Les Trouvailles de Pat&rsquo;<\/strong>, de s&rsquo;inscrire et de remplir un petit questionnaire pour afficher le lien vers l&rsquo;offre. Vous pourrez ainsi profiter des <strong>2 premiers mois d&rsquo;abonnement offerts<\/strong> gr\u00e2ce \u00e0 AG2R LA MONDIALE.<\/p>\n\n\n\n<div class=\"wp-block-buttons is-horizontal is-content-justification-center is-layout-flex wp-container-core-buttons-is-layout-499968f5 wp-block-buttons-is-layout-flex\">\n<div class=\"wp-block-button has-custom-width wp-block-button__width-50 has-custom-font-size is-style-fill has-medium-font-size\"><a class=\"wp-block-button__link has-background\" href=\"https:\/\/bit.ly\/testez-klaro\" style=\"border-radius:0px;background-color:#0052ff\" target=\"_blank\" rel=\"noreferrer noopener\">Inscrivez-vous d\u00e8s maintenant<\/a><\/div>\n<\/div>\n\n\n\n<p><\/p>\n\n\n\n<p><\/p>\n\n\n\n<h3 class=\"wp-block-heading\">Les Trouvailles de Pat&rsquo;, c&rsquo;est quoi ?<\/h3>\n\n\n\n<div class=\"wp-block-media-text alignwide is-stacked-on-mobile\" style=\"grid-template-columns:40% auto\"><figure class=\"wp-block-media-text__media\"><img loading=\"lazy\" decoding=\"async\" width=\"1024\" height=\"538\" src=\"http:\/\/www.vos-idees-nos-projets.fr\/blog\/wp-content\/uploads\/2022\/02\/220223110134-1024x538.png\" alt=\"\" class=\"wp-image-253 size-full\" srcset=\"https:\/\/www.vos-idees-nos-projets.fr\/blog\/wp-content\/uploads\/2022\/02\/220223110134-1024x538.png 1024w, https:\/\/www.vos-idees-nos-projets.fr\/blog\/wp-content\/uploads\/2022\/02\/220223110134-300x158.png 300w, https:\/\/www.vos-idees-nos-projets.fr\/blog\/wp-content\/uploads\/2022\/02\/220223110134-768x403.png 768w, https:\/\/www.vos-idees-nos-projets.fr\/blog\/wp-content\/uploads\/2022\/02\/220223110134-514x270.png 514w, https:\/\/www.vos-idees-nos-projets.fr\/blog\/wp-content\/uploads\/2022\/02\/220223110134.png 1200w\" sizes=\"auto, (max-width: 1024px) 100vw, 1024px\" \/><\/figure><div class=\"wp-block-media-text__content\">\n<p class=\"has-text-align-left\" style=\"font-size:16px\"><strong><a href=\"https:\/\/www.vos-idees-nos-projets.fr\/lestrouvaillesdepat\/\" data-type=\"URL\" data-id=\"https:\/\/www.vos-idees-nos-projets.fr\/lestrouvaillesdepat\/\" target=\"_blank\" rel=\"noreferrer noopener\">Les Trouvailles de Pat&rsquo;<\/a><\/strong>, c\u2019est un espace collaboratif o\u00f9 des start-ups disposent d\u2019une page d\u00e9di\u00e9e pour pr\u00e9senter leur service, et o\u00f9 entreprises et particuliers peuvent les tester gr\u00e2ce \u00e0 un avantage n\u00e9goci\u00e9 par AG2R LA MONDIALE, puis les \u00e9valuer.<\/p>\n<\/div><\/div>\n","protected":false},"excerpt":{"rendered":"<p>D\u00e9couvrez et testez Toutes Mes Aides, l&rsquo;application qui booste le pouvoir d&rsquo;achat de vos collaborateurs ! Toutes Mes Aides prend en compte la situation de chaque collaborateur et leurs changements de statut pour leur proposer\u00a0les aides dont ils ont besoin, et les guide pas \u00e0 pas\u00a0dans ses d\u00e9marches administratives.<\/p>\n","protected":false},"author":8,"featured_media":768,"comment_status":"closed","ping_status":"open","sticky":false,"template":"","format":"standard","meta":{"footnotes":""},"categories":[1],"tags":[22,45,46,47,48,99],"class_list":["post-70","post","type-post","status-publish","format-standard","has-post-thumbnail","hentry","category-non-classe","tag-finance","tag-toutes-mes-aides","tag-salaries","tag-professionnels","tag-salarie","tag-aide-financiere","entry","has-media"],"_links":{"self":[{"href":"https:\/\/www.vos-idees-nos-projets.fr\/blog\/wp-json\/wp\/v2\/posts\/70","targetHints":{"allow":["GET"]}}],"collection":[{"href":"https:\/\/www.vos-idees-nos-projets.fr\/blog\/wp-json\/wp\/v2\/posts"}],"about":[{"href":"https:\/\/www.vos-idees-nos-projets.fr\/blog\/wp-json\/wp\/v2\/types\/post"}],"author":[{"embeddable":true,"href":"https:\/\/www.vos-idees-nos-projets.fr\/blog\/wp-json\/wp\/v2\/users\/8"}],"replies":[{"embeddable":true,"href":"https:\/\/www.vos-idees-nos-projets.fr\/blog\/wp-json\/wp\/v2\/comments?post=70"}],"version-history":[{"count":10,"href":"https:\/\/www.vos-idees-nos-projets.fr\/blog\/wp-json\/wp\/v2\/posts\/70\/revisions"}],"predecessor-version":[{"id":460,"href":"https:\/\/www.vos-idees-nos-projets.fr\/blog\/wp-json\/wp\/v2\/posts\/70\/revisions\/460"}],"wp:featuredmedia":[{"embeddable":true,"href":"https:\/\/www.vos-idees-nos-projets.fr\/blog\/wp-json\/wp\/v2\/media\/768"}],"wp:attachment":[{"href":"https:\/\/www.vos-idees-nos-projets.fr\/blog\/wp-json\/wp\/v2\/media?parent=70"}],"wp:term":[{"taxonomy":"category","embeddable":true,"href":"https:\/\/www.vos-idees-nos-projets.fr\/blog\/wp-json\/wp\/v2\/categories?post=70"},{"taxonomy":"post_tag","embeddable":true,"href":"https:\/\/www.vos-idees-nos-projets.fr\/blog\/wp-json\/wp\/v2\/tags?post=70"}],"curies":[{"name":"wp","href":"https:\/\/api.w.org\/{rel}","templated":true}]}}