{"id":913,"date":"2025-01-15T12:18:36","date_gmt":"2025-01-15T11:18:36","guid":{"rendered":"https:\/\/www.vos-idees-nos-projets.fr\/blog\/?p=913"},"modified":"2025-09-23T16:20:36","modified_gmt":"2025-09-23T14:20:36","slug":"guide-emploi-senior","status":"publish","type":"post","link":"https:\/\/www.vos-idees-nos-projets.fr\/blog\/guide-emploi-senior\/","title":{"rendered":"Retraite active et \u00e9panouie\u00a0: Compl\u00e9tez vos revenus avec un emploi senior"},"content":{"rendered":"\n<h1 class=\"wp-block-heading\">Retraite active et \u00e9panouie&nbsp;: Compl\u00e9tez vos revenus avec un emploi senior<\/h1>\n\n\n\n<p>Le march\u00e9 du travail \u00e9volue. De plus en plus d&rsquo;opportunit\u00e9s s&rsquo;ouvrent aux seniors. Exp\u00e9rience, savoir-faire et maturit\u00e9 sont des atouts pr\u00e9cieux. D\u00e9couvrons ensemble comment les seniors peuvent trouver un emploi \u00e9panouissant et contribuer \u00e0 la soci\u00e9t\u00e9.<\/p>\n\n\n\n<h2 class=\"wp-block-heading\">\ud83d\ude80 L&rsquo;Emploi senior : Un march\u00e9 en expansion et des opportunit\u00e9s \u00e0 saisir<\/h2>\n\n\n<div class=\"wp-block-image\">\n<figure class=\"alignright size-large is-resized\"><img loading=\"lazy\" decoding=\"async\" width=\"683\" height=\"1024\" src=\"https:\/\/www.vos-idees-nos-projets.fr\/blog\/wp-content\/uploads\/2025\/01\/1920-Web-Couple-mixte-dans-leur-salon-683x1024.jpg\" alt=\"\" class=\"wp-image-920\" style=\"width:188px;height:auto\" srcset=\"https:\/\/www.vos-idees-nos-projets.fr\/blog\/wp-content\/uploads\/2025\/01\/1920-Web-Couple-mixte-dans-leur-salon-683x1024.jpg 683w, https:\/\/www.vos-idees-nos-projets.fr\/blog\/wp-content\/uploads\/2025\/01\/1920-Web-Couple-mixte-dans-leur-salon-200x300.jpg 200w, https:\/\/www.vos-idees-nos-projets.fr\/blog\/wp-content\/uploads\/2025\/01\/1920-Web-Couple-mixte-dans-leur-salon-768x1151.jpg 768w, https:\/\/www.vos-idees-nos-projets.fr\/blog\/wp-content\/uploads\/2025\/01\/1920-Web-Couple-mixte-dans-leur-salon-1025x1536.jpg 1025w, https:\/\/www.vos-idees-nos-projets.fr\/blog\/wp-content\/uploads\/2025\/01\/1920-Web-Couple-mixte-dans-leur-salon-1367x2048.jpg 1367w, https:\/\/www.vos-idees-nos-projets.fr\/blog\/wp-content\/uploads\/2025\/01\/1920-Web-Couple-mixte-dans-leur-salon-scaled.jpg 1708w\" sizes=\"auto, (max-width: 683px) 100vw, 683px\" \/><\/figure>\n<\/div>\n\n\n<h2 class=\"wp-block-heading\">Un march\u00e9 de l&#8217;emploi senior en pleine croissance<\/h2>\n\n\n\n<p>De plus en plus de seniors souhaitent poursuivre une activit\u00e9 professionnelle. Le march\u00e9 de l&#8217;emploi senior est en plein essor. Les entreprises reconnaissent la valeur des seniors. L&rsquo;exp\u00e9rience et les comp\u00e9tences des seniors sont des atouts majeurs.<\/p>\n\n\n\n<h2 class=\"wp-block-heading\">Les avantages de l&#8217;embauche de seniors pour les entreprises<\/h2>\n\n\n\n<p>Les entreprises tirent de nombreux avantages de l&#8217;embauche de seniors&nbsp;:<\/p>\n\n\n\n<ul class=\"wp-block-list\">\n<li><strong>Exp\u00e9rience et savoir-faire:<\/strong>&nbsp;Les seniors poss\u00e8dent une exp\u00e9rience pr\u00e9cieuse. Ils apportent une expertise pointue.<\/li>\n\n\n\n<li><strong>Fiabilit\u00e9 et engagement:<\/strong>&nbsp;Les seniors sont souvent plus fiables et engag\u00e9s. Ils ont une forte motivation.<\/li>\n\n\n\n<li><strong>Bonne gestion du stress:<\/strong>&nbsp;Les seniors g\u00e8rent mieux le stress et les situations difficiles. Ils font preuve de maturit\u00e9.<\/li>\n\n\n\n<li><strong>Transmission du savoir:<\/strong>&nbsp;Les seniors transmettent leur savoir-faire aux plus jeunes. Ils forment les nouvelles g\u00e9n\u00e9rations.<\/li>\n<\/ul>\n\n\n\n<h2 class=\"wp-block-heading\">Les \u00e9tapes cl\u00e9s pour une recherche d&#8217;emploi senior r\u00e9ussie<\/h2>\n\n\n\n<p>Cet article vous guide dans votre recherche d&#8217;emploi. Nous aborderons les \u00e9tapes cl\u00e9s. Nous vous aiderons \u00e0 faire le point sur vos comp\u00e9tences. Nous verrons comment trouver l&#8217;emploi id\u00e9al. Nous vous donnerons des conseils pour r\u00e9ussir vos entretiens. Ensemble, pr\u00e9parons votre transition professionnelle.<\/p>\n\n\n\n<h2 class=\"wp-block-heading\">\ud83c\udfaf Avant de chercher un emploi senior : Faire le point sur ses comp\u00e9tences et ses objectifs<\/h2>\n\n\n\n<p>Avant de commencer votre recherche, pr\u00e9parez-vous. Faites le point sur vos comp\u00e9tences et vos envies. Fixez-vous des objectifs clairs.<\/p>\n\n\n<div class=\"wp-block-image\">\n<figure class=\"alignright size-large is-resized\"><img loading=\"lazy\" decoding=\"async\" width=\"683\" height=\"1024\" src=\"https:\/\/www.vos-idees-nos-projets.fr\/blog\/wp-content\/uploads\/2025\/01\/1920-Web-Charpentier-travaillant-dans-son-atelier-1-683x1024.jpg\" alt=\"\" class=\"wp-image-923\" style=\"width:203px;height:auto\" srcset=\"https:\/\/www.vos-idees-nos-projets.fr\/blog\/wp-content\/uploads\/2025\/01\/1920-Web-Charpentier-travaillant-dans-son-atelier-1-683x1024.jpg 683w, https:\/\/www.vos-idees-nos-projets.fr\/blog\/wp-content\/uploads\/2025\/01\/1920-Web-Charpentier-travaillant-dans-son-atelier-1-200x300.jpg 200w, https:\/\/www.vos-idees-nos-projets.fr\/blog\/wp-content\/uploads\/2025\/01\/1920-Web-Charpentier-travaillant-dans-son-atelier-1-768x1152.jpg 768w, https:\/\/www.vos-idees-nos-projets.fr\/blog\/wp-content\/uploads\/2025\/01\/1920-Web-Charpentier-travaillant-dans-son-atelier-1-1024x1536.jpg 1024w, https:\/\/www.vos-idees-nos-projets.fr\/blog\/wp-content\/uploads\/2025\/01\/1920-Web-Charpentier-travaillant-dans-son-atelier-1-1365x2048.jpg 1365w, https:\/\/www.vos-idees-nos-projets.fr\/blog\/wp-content\/uploads\/2025\/01\/1920-Web-Charpentier-travaillant-dans-son-atelier-1-scaled.jpg 1707w\" sizes=\"auto, (max-width: 683px) 100vw, 683px\" \/><\/figure>\n<\/div>\n\n\n<h3 class=\"wp-block-heading\">Identifier ses comp\u00e9tences et son exp\u00e9rience professionnelle : Un bilan personnel<\/h3>\n\n\n\n<p>Votre exp\u00e9rience est un atout majeur. Identifiez vos comp\u00e9tences. Valorisez-les.<\/p>\n\n\n\n<ul class=\"wp-block-list\">\n<li><strong>Liste de vos exp\u00e9riences:<\/strong>&nbsp;\u00c9num\u00e9rez toutes vos exp\u00e9riences professionnelles. D\u00e9taillez vos responsabilit\u00e9s et vos r\u00e9ussites.<\/li>\n\n\n\n<li><strong>Comp\u00e9tences acquises:<\/strong>&nbsp;Identifiez les comp\u00e9tences que vous avez d\u00e9velopp\u00e9es. Classez-les par cat\u00e9gories (techniques, manag\u00e9riales, relationnelles&#8230;).<\/li>\n\n\n\n<li><strong>Bilan de comp\u00e9tences:<\/strong>&nbsp;Un bilan de comp\u00e9tences peut vous aider. Un professionnel vous accompagne. Il vous aide \u00e0 identifier vos forces et vos faiblesses. Il vous oriente vers des formations si besoin.<\/li>\n<\/ul>\n\n\n\n<p><strong>Conseil:<\/strong>&nbsp;Utilisez des mots cl\u00e9s. Ils correspondent aux offres d&#8217;emploi qui vous int\u00e9ressent.<\/p>\n\n\n\n<h3 class=\"wp-block-heading\">D\u00e9finir ses objectifs professionnels et ses aspirations : Quel type d&#8217;emploi senior et quel rythme ?<\/h3>\n\n\n\n<p>D\u00e9finissez vos objectifs. Quel type d&#8217;emploi recherchez-vous&nbsp;? Quel rythme de travail&nbsp;?<\/p>\n\n\n\n<ul class=\"wp-block-list\">\n<li><strong>Type d&#8217;emploi:<\/strong>&nbsp;CDI, CDD, mission int\u00e9rim, freelance&#8230; Choisissez le contrat qui vous convient.<\/li>\n\n\n\n<li><strong>Rythme de travail:<\/strong>&nbsp;Temps plein, temps partiel, travail \u00e0 distance&#8230; Adaptez votre rythme de travail \u00e0 vos envies et \u00e0 vos besoins.<\/li>\n\n\n\n<li><strong>Secteur d&rsquo;activit\u00e9:<\/strong>&nbsp;Dans quel secteur souhaitez-vous travailler&nbsp;? Utilisez votre exp\u00e9rience. Choisissez un secteur qui vous motive.<\/li>\n\n\n\n<li><strong>Salaire souhait\u00e9:<\/strong>&nbsp;D\u00e9finissez une fourchette de salaire. Tenez compte de votre exp\u00e9rience et du march\u00e9 du travail.<\/li>\n<\/ul>\n\n\n\n<p><strong>Conseil:<\/strong>&nbsp;Soyez r\u00e9aliste. Adaptez vos attentes au march\u00e9 du travail.<\/p>\n\n\n\n<h3 class=\"wp-block-heading\">Se pr\u00e9parer \u00e0 la recherche d&#8217;emploi senior : Actualiser son CV et sa lettre de motivation<\/h3>\n\n\n\n<p>Un CV et une lettre de motivation efficaces sont essentiels. Ils vous permettront de vous d\u00e9marquer.<\/p>\n\n\n\n<ul class=\"wp-block-list\">\n<li><strong>CV:<\/strong>&nbsp;Actualisez votre CV. Mettez en avant vos comp\u00e9tences et votre exp\u00e9rience. Adaptez-le \u00e0 chaque offre d&#8217;emploi. Utilisez une mise en forme claire et lisible.<\/li>\n\n\n\n<li><strong>Lettre de motivation:<\/strong>&nbsp;R\u00e9digez une lettre de motivation personnalis\u00e9e. Expliquez vos motivations. Mettez en avant vos atouts. Montrez votre int\u00e9r\u00eat pour l&rsquo;entreprise.<\/li>\n<\/ul>\n\n\n\n<p><strong>Conseil:<\/strong>&nbsp;Faites relire votre CV et votre lettre de motivation par une personne de confiance.<\/p>\n\n\n\n<h2 class=\"wp-block-heading\">\ud83d\udee0\ufe0f La recherche d&#8217;emploi senior : m\u00e9thodes et outils efficace<\/h2>\n\n\n\n<p>Trouver un emploi apr\u00e8s 60 ans est possible. De nombreuses m\u00e9thodes existent. Utilisez les bons outils. Mettez toutes les chances de votre c\u00f4t\u00e9.<\/p>\n\n\n\n<h3 class=\"wp-block-heading\">Les diff\u00e9rentes plateformes de recherche d&#8217;emploi senior : Exploiter tous les canaux<\/h3>\n\n\n<div class=\"wp-block-image\">\n<figure class=\"alignright size-large is-resized\"><img loading=\"lazy\" decoding=\"async\" width=\"683\" height=\"1024\" src=\"https:\/\/www.vos-idees-nos-projets.fr\/blog\/wp-content\/uploads\/2025\/01\/1920-Web-Senior-sculptant-sur-du-bois-683x1024.jpg\" alt=\"\" class=\"wp-image-924\" style=\"width:203px;height:auto\" srcset=\"https:\/\/www.vos-idees-nos-projets.fr\/blog\/wp-content\/uploads\/2025\/01\/1920-Web-Senior-sculptant-sur-du-bois-683x1024.jpg 683w, https:\/\/www.vos-idees-nos-projets.fr\/blog\/wp-content\/uploads\/2025\/01\/1920-Web-Senior-sculptant-sur-du-bois-200x300.jpg 200w, https:\/\/www.vos-idees-nos-projets.fr\/blog\/wp-content\/uploads\/2025\/01\/1920-Web-Senior-sculptant-sur-du-bois-768x1152.jpg 768w, https:\/\/www.vos-idees-nos-projets.fr\/blog\/wp-content\/uploads\/2025\/01\/1920-Web-Senior-sculptant-sur-du-bois-1024x1536.jpg 1024w, https:\/\/www.vos-idees-nos-projets.fr\/blog\/wp-content\/uploads\/2025\/01\/1920-Web-Senior-sculptant-sur-du-bois-1365x2048.jpg 1365w, https:\/\/www.vos-idees-nos-projets.fr\/blog\/wp-content\/uploads\/2025\/01\/1920-Web-Senior-sculptant-sur-du-bois-scaled.jpg 1707w\" sizes=\"auto, (max-width: 683px) 100vw, 683px\" \/><\/figure>\n<\/div>\n\n\n<p>Plusieurs plateformes vous aident \u00e0 trouver un emploi. Exploitez-les efficacement.<\/p>\n\n\n\n<ul class=\"wp-block-list\">\n<li><strong>Sites sp\u00e9cialis\u00e9s:<\/strong>&nbsp;De nombreux sites web sont d\u00e9di\u00e9s \u00e0 l&#8217;emploi senior. Ils proposent des offres cibl\u00e9es. Utilisez les filtres de recherche (type de contrat, secteur d&rsquo;activit\u00e9&#8230;).<\/li>\n\n\n\n<li><strong>R\u00e9seaux sociaux professionnels:<\/strong>&nbsp;LinkedIn est un outil puissant. Cr\u00e9ez un profil complet et optimis\u00e9. R\u00e9seautez avec d&rsquo;autres professionnels. Suivez les entreprises qui vous int\u00e9ressent.<\/li>\n\n\n\n<li><strong>Sites d&#8217;emploi g\u00e9n\u00e9ralistes:<\/strong>&nbsp;Les sites g\u00e9n\u00e9ralistes proposent aussi des offres pour les seniors. N&rsquo;h\u00e9sitez pas \u00e0 les consulter.<\/li>\n<\/ul>\n\n\n\n<p><strong>Conseil:<\/strong>&nbsp;Adaptez votre recherche \u00e0 vos objectifs. Utilisez les mots cl\u00e9s pertinents.<\/p>\n\n\n\n<h3 class=\"wp-block-heading\">R\u00e9seautage et mise en relation : L&rsquo;importance du contact humain<\/h3>\n\n\n\n<p>Le r\u00e9seautage est un atout majeur. Parlez de votre recherche d&#8217;emploi \u00e0 votre entourage.<\/p>\n\n\n\n<ul class=\"wp-block-list\">\n<li><strong>Entourage:<\/strong>&nbsp;Parlez de votre projet \u00e0 votre famille, vos amis, vos anciens coll\u00e8gues&#8230; Ils peuvent vous aider. Ils connaissent peut-\u00eatre des opportunit\u00e9s.<\/li>\n\n\n\n<li><strong>Plateformes professionnelles:<\/strong>&nbsp;Utilisez les plateformes professionnelles pour contacter des recruteurs. Participez \u00e0 des \u00e9v\u00e9nements. Assistez \u00e0 des salons.<\/li>\n\n\n\n<li><strong>Forums et groupes:<\/strong>&nbsp;Participez \u00e0 des forums et des groupes en ligne. \u00c9changez avec d&rsquo;autres personnes.<\/li>\n<\/ul>\n\n\n\n<p><strong>Conseil:<\/strong>&nbsp;Soignez votre r\u00e9seau. Entretenez vos relations professionnelles.<\/p>\n\n\n\n<h3 class=\"wp-block-heading\">Pr\u00e9paration aux entretiens d&#8217;embauche : Mettez en avant votre exp\u00e9rience et vos comp\u00e9tences<\/h3>\n\n\n\n<p>La pr\u00e9paration est essentielle. Mettez en avant votre exp\u00e9rience et vos comp\u00e9tences lors des entretiens.<\/p>\n\n\n\n<ul class=\"wp-block-list\">\n<li><strong>Pr\u00e9paration:<\/strong>&nbsp;Pr\u00e9parez les questions classiques des entretiens. Mettez en avant vos r\u00e9ussites. Expliquez vos motivations.<\/li>\n\n\n\n<li><strong>Mise en avant de votre exp\u00e9rience:<\/strong>&nbsp;Valorisez votre exp\u00e9rience. Montrez comment elle est un atout pour l&rsquo;entreprise.<\/li>\n\n\n\n<li><strong>Comp\u00e9tences transf\u00e9rables:<\/strong>&nbsp;Identifiez les comp\u00e9tences transf\u00e9rables \u00e0 diff\u00e9rents postes. Soulignez leur pertinence.<\/li>\n<\/ul>\n\n\n\n<p><strong>Conseil:<\/strong>&nbsp;Soyez positif et enthousiaste. Montrez votre motivation.<\/p>\n\n\n\n<h2 class=\"wp-block-heading\">\ud83d\udc68\u200d\ud83e\uddb3 Apr\u00e8s l&#8217;embauche : S&rsquo;int\u00e9grer et r\u00e9ussir dans son nouvel emploi senior<\/h2>\n\n\n\n<p>Vous avez trouv\u00e9 un emploi&nbsp;? F\u00e9licitations&nbsp;! L&rsquo;int\u00e9gration est une \u00e9tape cl\u00e9. Quelques conseils vous aideront \u00e0 r\u00e9ussir.<\/p>\n\n\n\n<h3 class=\"wp-block-heading\">L&rsquo;Importance de la communication et de l&rsquo;adaptation : Int\u00e9grer une nouvelle \u00e9quipe<\/h3>\n\n\n<div class=\"wp-block-image\">\n<figure class=\"alignright size-large is-resized\"><img loading=\"lazy\" decoding=\"async\" width=\"683\" height=\"1024\" src=\"https:\/\/www.vos-idees-nos-projets.fr\/blog\/wp-content\/uploads\/2025\/01\/1920-Web-Deux-homme-daffaires-regardant-lecran-dune-tablette-683x1024.jpg\" alt=\"\" class=\"wp-image-925\" style=\"width:193px;height:auto\" srcset=\"https:\/\/www.vos-idees-nos-projets.fr\/blog\/wp-content\/uploads\/2025\/01\/1920-Web-Deux-homme-daffaires-regardant-lecran-dune-tablette-683x1024.jpg 683w, https:\/\/www.vos-idees-nos-projets.fr\/blog\/wp-content\/uploads\/2025\/01\/1920-Web-Deux-homme-daffaires-regardant-lecran-dune-tablette-200x300.jpg 200w, https:\/\/www.vos-idees-nos-projets.fr\/blog\/wp-content\/uploads\/2025\/01\/1920-Web-Deux-homme-daffaires-regardant-lecran-dune-tablette-768x1152.jpg 768w, https:\/\/www.vos-idees-nos-projets.fr\/blog\/wp-content\/uploads\/2025\/01\/1920-Web-Deux-homme-daffaires-regardant-lecran-dune-tablette-1024x1536.jpg 1024w, https:\/\/www.vos-idees-nos-projets.fr\/blog\/wp-content\/uploads\/2025\/01\/1920-Web-Deux-homme-daffaires-regardant-lecran-dune-tablette-1365x2048.jpg 1365w, https:\/\/www.vos-idees-nos-projets.fr\/blog\/wp-content\/uploads\/2025\/01\/1920-Web-Deux-homme-daffaires-regardant-lecran-dune-tablette-scaled.jpg 1707w\" sizes=\"auto, (max-width: 683px) 100vw, 683px\" \/><\/figure>\n<\/div>\n\n\n<p>L&rsquo;int\u00e9gration dans une nouvelle \u00e9quipe demande de la communication et de l&rsquo;adaptation :<\/p>\n\n\n\n<ul class=\"wp-block-list\">\n<li><strong>Communication:<\/strong>&nbsp;Parlez avec vos coll\u00e8gues. Posez des questions. Pr\u00e9sentez-vous. Montrez votre int\u00e9r\u00eat pour l&rsquo;\u00e9quipe. Une bonne communication est essentielle.<\/li>\n\n\n\n<li><strong>Adaptation:<\/strong>&nbsp;Adaptez-vous \u00e0 l&rsquo;environnement professionnel. Comprenez les codes de l&rsquo;entreprise. Familiarisez-vous avec les outils et les m\u00e9thodes de travail. L&rsquo;adaptation est un \u00e9l\u00e9ment cl\u00e9 de la r\u00e9ussite.<\/li>\n<\/ul>\n\n\n\n<p><strong>Conseil:<\/strong>&nbsp;Soyez ouvert aux nouveaut\u00e9s. Montrez votre volont\u00e9 d&rsquo;apprendre.<\/p>\n\n\n\n<h3 class=\"wp-block-heading\">Conseils pour g\u00e9rer le stress et les \u00e9ventuels d\u00e9fis li\u00e9s \u00e0 la diff\u00e9rence d&rsquo;\u00e2ge<\/h3>\n\n\n\n<p>La diff\u00e9rence d&rsquo;\u00e2ge peut parfois poser des d\u00e9fis. G\u00e9rez le stress. Communiquez ouvertement.<\/p>\n\n\n\n<ul class=\"wp-block-list\">\n<li><strong>Stress:<\/strong>&nbsp;Le changement peut \u00eatre stressant. Pratiquez des techniques de relaxation (m\u00e9ditation, respiration&#8230;). Parlez de vos difficult\u00e9s.<\/li>\n\n\n\n<li><strong>Diff\u00e9rence d&rsquo;\u00e2ge:<\/strong>&nbsp;La diff\u00e9rence d&rsquo;\u00e2ge n&rsquo;est pas un obstacle. Mettez en avant votre exp\u00e9rience. Montrez votre capacit\u00e9 d&rsquo;adaptation. Valorisez vos comp\u00e9tences.<\/li>\n<\/ul>\n\n\n\n<p><strong>Conseil:<\/strong>&nbsp;N&rsquo;h\u00e9sitez pas \u00e0 demander de l&rsquo;aide \u00e0 votre responsable ou \u00e0 vos coll\u00e8gues.<\/p>\n\n\n\n<h3 class=\"wp-block-heading\">Conseils pour maintenir un bon \u00e9quilibre entre vie professionnelle et vie personnelle<\/h3>\n\n\n\n<p>L&rsquo;\u00e9quilibre entre vie professionnelle et vie personnelle est important. Organisez-vous. Fixez-vous des limites.<\/p>\n\n\n\n<ul class=\"wp-block-list\">\n<li><strong>Organisation:<\/strong>&nbsp;Organisez votre temps. Planifiez vos activit\u00e9s professionnelles et personnelles. Fixez-vous des objectifs r\u00e9alistes.<\/li>\n\n\n\n<li><strong>Limites:<\/strong>&nbsp;Fixez des limites entre votre travail et votre vie personnelle. D\u00e9connectez-vous apr\u00e8s le travail. Pr\u00e9servez vos moments de repos.<\/li>\n\n\n\n<li><strong>Activit\u00e9s extra-professionnelles:<\/strong>&nbsp;Continuez \u00e0 pratiquer vos activit\u00e9s favorites. Pr\u00e9servez vos loisirs. Maintenez vos liens sociaux.<\/li>\n<\/ul>\n\n\n\n<p><strong>Conseil:<\/strong>&nbsp;Prenez soin de vous. Votre bien-\u00eatre est essentiel.<\/p>\n\n\n\n<h2 class=\"wp-block-heading\">\ud83d\udddd\ufe0f Trouver un emploi senior \u00e9panouissant avec Seniors \u00e0 Votre Service<\/h2>\n\n\n<div class=\"wp-block-image\">\n<figure class=\"alignright size-full is-resized\"><a href=\"https:\/\/www.seniorsavotreservice.com\/\" target=\"_blank\" rel=\"noopener\"><img loading=\"lazy\" decoding=\"async\" width=\"900\" height=\"433\" src=\"https:\/\/www.vos-idees-nos-projets.fr\/blog\/wp-content\/uploads\/2025\/01\/logo-savs-300dpi.png\" alt=\"\" class=\"wp-image-922\" style=\"width:239px;height:auto\" srcset=\"https:\/\/www.vos-idees-nos-projets.fr\/blog\/wp-content\/uploads\/2025\/01\/logo-savs-300dpi.png 900w, https:\/\/www.vos-idees-nos-projets.fr\/blog\/wp-content\/uploads\/2025\/01\/logo-savs-300dpi-300x144.png 300w, https:\/\/www.vos-idees-nos-projets.fr\/blog\/wp-content\/uploads\/2025\/01\/logo-savs-300dpi-768x369.png 768w\" sizes=\"auto, (max-width: 900px) 100vw, 900px\" \/><\/a><\/figure>\n<\/div>\n\n\n<p>Vous \u00eates pr\u00eat \u00e0 d\u00e9marrer une nouvelle aventure professionnelle ? Super ! Voici un r\u00e9capitulatif pour r\u00e9ussir votre recherche d&#8217;emploi senior.<\/p>\n\n\n\n<h3 class=\"wp-block-heading\"><strong>Synth\u00e8se des \u00e9tapes cl\u00e9s :<\/strong><\/h3>\n\n\n\n<ol class=\"wp-block-list\">\n<li><strong>Faire le point :<\/strong>&nbsp;Identifiez vos comp\u00e9tences et fixez-vous des objectifs r\u00e9alistes. Quel type de contrat souhaitez-vous&nbsp;? Quel rythme de travail&nbsp;?<\/li>\n\n\n\n<li><strong>D\u00e9velopper votre recherche :<\/strong>&nbsp;Exploitez les plateformes en ligne, mais aussi votre r\u00e9seau personnel et professionnel.<\/li>\n\n\n\n<li><strong>Pr\u00e9parer vos entretiens :<\/strong>&nbsp;Mettez en avant votre exp\u00e9rience et vos comp\u00e9tences. Soyez pr\u00eat \u00e0 r\u00e9pondre aux questions classiques.<\/li>\n\n\n\n<li><strong>R\u00e9ussir votre int\u00e9gration :<\/strong>&nbsp;La communication et l&rsquo;adaptation sont essentielles. G\u00e9rez le stress et trouvez un \u00e9quilibre entre vie professionnelle et personnelle.<\/li>\n<\/ol>\n\n\n\n<h3 class=\"wp-block-heading\"><strong>Conseils pour une transition r\u00e9ussie :<\/strong><\/h3>\n\n\n\n<ul class=\"wp-block-list\">\n<li><strong>Soyez positif et confiant.<\/strong>&nbsp;Croyez en votre potentiel.<\/li>\n\n\n\n<li><strong>Soyez organis\u00e9 et m\u00e9thodique.<\/strong>&nbsp;Planifiez votre recherche.<\/li>\n\n\n\n<li><strong>Soyez patient.<\/strong>&nbsp;Trouver le bon emploi prend du temps.<\/li>\n\n\n\n<li><strong>Restez flexible.<\/strong>&nbsp;Adaptez vos attentes au march\u00e9 du travail.<\/li>\n<\/ul>\n\n\n\n<h3 class=\"wp-block-heading\"><strong>Seniors \u00e0 Votre Service : Votre partenaire pour une retraite Active<\/strong><\/h3>\n\n\n\n<p>Vous souhaitez un accompagnement personnalis\u00e9&nbsp;? \u00ab\u00a0Seniors \u00e0 Votre Service\u00a0\u00bb est l\u00e0 pour vous. Ils vous guident \u00e0 chaque \u00e9tape de votre recherche d\u2019emploi. Ils vous aident \u00e0 valoriser votre exp\u00e9rience. Ils vous pr\u00e9parent aux entretiens. Ils vous accompagnent dans votre nouvelle carri\u00e8re.<\/p>\n\n\n<div class=\"wp-block-image\">\n<figure class=\"aligncenter size-full\"><a href=\"https:\/\/www.ag2rlamondiale.fr\/tous-nos-services\/service-les-trouvailles-de-pat\" target=\"_blank\" rel=\"noopener\"><img loading=\"lazy\" decoding=\"async\" width=\"984\" height=\"277\" src=\"https:\/\/www.vos-idees-nos-projets.fr\/blog\/wp-content\/uploads\/2025\/01\/Senior-a-votre-service.png\" alt=\"\" class=\"wp-image-921\" srcset=\"https:\/\/www.vos-idees-nos-projets.fr\/blog\/wp-content\/uploads\/2025\/01\/Senior-a-votre-service.png 984w, https:\/\/www.vos-idees-nos-projets.fr\/blog\/wp-content\/uploads\/2025\/01\/Senior-a-votre-service-300x84.png 300w, https:\/\/www.vos-idees-nos-projets.fr\/blog\/wp-content\/uploads\/2025\/01\/Senior-a-votre-service-768x216.png 768w\" sizes=\"auto, (max-width: 984px) 100vw, 984px\" \/><\/a><\/figure>\n<\/div>\n\n<div class=\"wp-block-image\">\n<figure class=\"aligncenter size-full\"><a href=\"https:\/\/www.vos-idees-nos-projets.fr\/blog\/\"><img loading=\"lazy\" decoding=\"async\" width=\"883\" height=\"274\" src=\"https:\/\/www.vos-idees-nos-projets.fr\/blog\/wp-content\/uploads\/2024\/12\/Capture-decran-2024-12-20-104755.png\" alt=\"Emploi senior\" class=\"wp-image-897\" srcset=\"https:\/\/www.vos-idees-nos-projets.fr\/blog\/wp-content\/uploads\/2024\/12\/Capture-decran-2024-12-20-104755.png 883w, https:\/\/www.vos-idees-nos-projets.fr\/blog\/wp-content\/uploads\/2024\/12\/Capture-decran-2024-12-20-104755-300x93.png 300w, https:\/\/www.vos-idees-nos-projets.fr\/blog\/wp-content\/uploads\/2024\/12\/Capture-decran-2024-12-20-104755-768x238.png 768w\" sizes=\"auto, (max-width: 883px) 100vw, 883px\" \/><\/a><\/figure>\n<\/div>\n\n<div class=\"wp-block-image\">\n<figure class=\"aligncenter size-large\"><a href=\"https:\/\/www.ag2rlamondiale.fr\/groupe\/nos-engagements\/placer-le-client-au-coeur-de-nos-actions\/stimuler-l-innovation\" target=\"_blank\" rel=\"noopener\"><img loading=\"lazy\" decoding=\"async\" width=\"1024\" height=\"249\" src=\"https:\/\/www.vos-idees-nos-projets.fr\/blog\/wp-content\/uploads\/2024\/12\/Capture-decran-2024-12-11-110325-1024x249.png\" alt=\"\" class=\"wp-image-835\" srcset=\"https:\/\/www.vos-idees-nos-projets.fr\/blog\/wp-content\/uploads\/2024\/12\/Capture-decran-2024-12-11-110325-1024x249.png 1024w, https:\/\/www.vos-idees-nos-projets.fr\/blog\/wp-content\/uploads\/2024\/12\/Capture-decran-2024-12-11-110325-300x73.png 300w, https:\/\/www.vos-idees-nos-projets.fr\/blog\/wp-content\/uploads\/2024\/12\/Capture-decran-2024-12-11-110325-768x187.png 768w, https:\/\/www.vos-idees-nos-projets.fr\/blog\/wp-content\/uploads\/2024\/12\/Capture-decran-2024-12-11-110325.png 1072w\" sizes=\"auto, (max-width: 1024px) 100vw, 1024px\" \/><\/a><\/figure>\n<\/div>","protected":false},"excerpt":{"rendered":"<p>Retraite active et \u00e9panouie&nbsp;: Compl\u00e9tez vos revenus avec un emploi senior Le march\u00e9 du travail \u00e9volue. De plus en plus d&rsquo;opportunit\u00e9s s&rsquo;ouvrent aux seniors. Exp\u00e9rience, savoir-faire et maturit\u00e9 sont des atouts pr\u00e9cieux. D\u00e9couvrons ensemble comment les seniors peuvent trouver un emploi \u00e9panouissant et contribuer \u00e0 la soci\u00e9t\u00e9. \ud83d\ude80 L&rsquo;Emploi senior : Un march\u00e9 en expansion [&hellip;]<\/p>\n","protected":false},"author":10,"featured_media":919,"comment_status":"closed","ping_status":"open","sticky":false,"template":"","format":"standard","meta":{"footnotes":""},"categories":[141,185],"tags":[32,33,34,174,175,176],"class_list":["post-913","post","type-post","status-publish","format-standard","has-post-thumbnail","hentry","category-prendre-soin-de-soi","category-bien-vieillir","tag-retraite","tag-seniors","tag-seniors-a-votre-service","tag-emploi-senior","tag-senior","tag-revenus","entry","has-media"],"_links":{"self":[{"href":"https:\/\/www.vos-idees-nos-projets.fr\/blog\/wp-json\/wp\/v2\/posts\/913","targetHints":{"allow":["GET"]}}],"collection":[{"href":"https:\/\/www.vos-idees-nos-projets.fr\/blog\/wp-json\/wp\/v2\/posts"}],"about":[{"href":"https:\/\/www.vos-idees-nos-projets.fr\/blog\/wp-json\/wp\/v2\/types\/post"}],"author":[{"embeddable":true,"href":"https:\/\/www.vos-idees-nos-projets.fr\/blog\/wp-json\/wp\/v2\/users\/10"}],"replies":[{"embeddable":true,"href":"https:\/\/www.vos-idees-nos-projets.fr\/blog\/wp-json\/wp\/v2\/comments?post=913"}],"version-history":[{"count":7,"href":"https:\/\/www.vos-idees-nos-projets.fr\/blog\/wp-json\/wp\/v2\/posts\/913\/revisions"}],"predecessor-version":[{"id":1130,"href":"https:\/\/www.vos-idees-nos-projets.fr\/blog\/wp-json\/wp\/v2\/posts\/913\/revisions\/1130"}],"wp:featuredmedia":[{"embeddable":true,"href":"https:\/\/www.vos-idees-nos-projets.fr\/blog\/wp-json\/wp\/v2\/media\/919"}],"wp:attachment":[{"href":"https:\/\/www.vos-idees-nos-projets.fr\/blog\/wp-json\/wp\/v2\/media?parent=913"}],"wp:term":[{"taxonomy":"category","embeddable":true,"href":"https:\/\/www.vos-idees-nos-projets.fr\/blog\/wp-json\/wp\/v2\/categories?post=913"},{"taxonomy":"post_tag","embeddable":true,"href":"https:\/\/www.vos-idees-nos-projets.fr\/blog\/wp-json\/wp\/v2\/tags?post=913"}],"curies":[{"name":"wp","href":"https:\/\/api.w.org\/{rel}","templated":true}]}}