{"id":927,"date":"2025-01-20T18:04:39","date_gmt":"2025-01-20T17:04:39","guid":{"rendered":"https:\/\/www.vos-idees-nos-projets.fr\/blog\/?p=927"},"modified":"2025-07-08T16:30:47","modified_gmt":"2025-07-08T14:30:47","slug":"blue-monday-mythe-ou-realite","status":"publish","type":"post","link":"https:\/\/www.vos-idees-nos-projets.fr\/blog\/blue-monday-mythe-ou-realite\/","title":{"rendered":"Le Blue Monday : mythe ou r\u00e9alit\u00e9\u00a0? D\u00e9cryptage d\u2019un ph\u00e9nom\u00e8ne"},"content":{"rendered":"\n<h1 class=\"wp-block-heading\">\ud83d\udcd8 Le Blue Monday : mythe ou r\u00e9alit\u00e9&nbsp;? D\u00e9cryptage d\u2019un ph\u00e9nom\u00e8ne<\/h1>\n\n\n\n<p>Le Blue Monday est un concept marketing, mais la d\u00e9prime hivernale est une r\u00e9alit\u00e9 pour beaucoup. Fatigue, manque de motivation, baisse de moral\u2026 Cet article vous aide \u00e0 comprendre les causes et \u00e0 mettre en place des strat\u00e9gies pour am\u00e9liorer votre bien-\u00eatre et retrouver votre \u00e9nergie en cette p\u00e9riode de l&rsquo;ann\u00e9e.<\/p>\n\n\n\n<h2 class=\"wp-block-heading\">Le Mythe du Blue Monday : V\u00e9rit\u00e9 ou Marketing Viral ?<\/h2>\n\n\n\n<h3 class=\"wp-block-heading\">L\u2019origine du Blue Monday : Un mythe marketing<\/h3>\n\n\n\n<p>Le \u00ab\u00a0Blue Monday\u00a0\u00bb est le jour le plus d\u00e9primant de l\u2019ann\u00e9e. C\u2019est un concept marketing. Il a \u00e9t\u00e9 invent\u00e9 en 2005 par un psychologue. Sa formule de calcul est controvers\u00e9e. Elle m\u00e9lange m\u00e9t\u00e9o, finances et autres facteurs. Ce jour n\u2019est pas scientifiquement prouv\u00e9. Il reste un moment propice \u00e0 la r\u00e9flexion sur notre bien-\u00eatre.<\/p>\n\n\n<div class=\"wp-block-image\">\n<figure class=\"alignright size-large is-resized\"><a href=\"https:\/\/www.vos-idees-nos-projets.fr\/blog\/\"><img loading=\"lazy\" decoding=\"async\" width=\"977\" height=\"1024\" src=\"https:\/\/www.vos-idees-nos-projets.fr\/blog\/wp-content\/uploads\/2025\/01\/1920-Web-Jeune-femme-pensive-977x1024.jpg\" alt=\"blue monday\n\" class=\"wp-image-928\" style=\"width:222px;height:auto\" srcset=\"https:\/\/www.vos-idees-nos-projets.fr\/blog\/wp-content\/uploads\/2025\/01\/1920-Web-Jeune-femme-pensive-977x1024.jpg 977w, https:\/\/www.vos-idees-nos-projets.fr\/blog\/wp-content\/uploads\/2025\/01\/1920-Web-Jeune-femme-pensive-286x300.jpg 286w, https:\/\/www.vos-idees-nos-projets.fr\/blog\/wp-content\/uploads\/2025\/01\/1920-Web-Jeune-femme-pensive-768x805.jpg 768w, https:\/\/www.vos-idees-nos-projets.fr\/blog\/wp-content\/uploads\/2025\/01\/1920-Web-Jeune-femme-pensive-1466x1536.jpg 1466w, https:\/\/www.vos-idees-nos-projets.fr\/blog\/wp-content\/uploads\/2025\/01\/1920-Web-Jeune-femme-pensive.jpg 1920w\" sizes=\"auto, (max-width: 977px) 100vw, 977px\" \/><\/a><\/figure>\n<\/div>\n\n\n<h3 class=\"wp-block-heading\">La m\u00e9thode de calcul du Blue Monday : Une formule contest\u00e9e<\/h3>\n\n\n\n<p>La formule de calcul du Blue Monday est complexe. Elle int\u00e8gre plusieurs facteurs :<\/p>\n\n\n\n<ul class=\"wp-block-list\">\n<li><strong>La m\u00e9t\u00e9o&nbsp;:<\/strong>&nbsp;Le temps gris et froid influence le moral.<\/li>\n\n\n\n<li><strong>Les finances&nbsp;:<\/strong>&nbsp;Le mois de janvier est souvent synonyme de difficult\u00e9s financi\u00e8res.<\/li>\n\n\n\n<li><strong>La dur\u00e9e des vacances&nbsp;:<\/strong>&nbsp;Retour \u00e0 la r\u00e9alit\u00e9 apr\u00e8s les f\u00eates.<\/li>\n\n\n\n<li><strong>La motivation&nbsp;:<\/strong>&nbsp;Objectifs \u00e0 atteindre, manque de luminosit\u00e9&#8230;<\/li>\n<\/ul>\n\n\n\n<p>Cette formule est critiqu\u00e9e. Elle est simpliste. Elle ne tient pas compte des r\u00e9alit\u00e9s individuelles. Malgr\u00e9 tout, le Blue Monday attire l\u2019attention. Il nous rappelle l\u2019importance du bien-\u00eatre.<\/p>\n\n\n\n<h2 class=\"wp-block-heading\">\ud83d\ude1f D\u00e9crypter le Blue Monday : Comprendre les facteurs de la d\u00e9prime hivernale<\/h2>\n\n\n\n<p>Le Blue Monday est un moment difficile pour beaucoup. Plusieurs facteurs expliquent cette baisse de moral. Comprendre ces facteurs permet de mieux les g\u00e9rer.<\/p>\n\n\n\n<h3 class=\"wp-block-heading\">Facteurs saisonniers : L&rsquo;impact de la diminution de la luminosit\u00e9 et du froid<\/h3>\n\n\n\n<p>L&rsquo;hiver a un impact sur notre moral. La diminution de la luminosit\u00e9 et le froid jouent un r\u00f4le.<\/p>\n\n\n\n<ul class=\"wp-block-list\">\n<li><strong>Diminution de la luminosit\u00e9:<\/strong>&nbsp;Le manque de lumi\u00e8re affecte la production de s\u00e9rotonine. La s\u00e9rotonine est un neurotransmetteur. Elle r\u00e9gule l&rsquo;humeur. Son manque provoque une baisse de moral. Des journ\u00e9es plus courtes impactent le rythme circadien.<\/li>\n\n\n\n<li><strong>Le froid:<\/strong>&nbsp;Le froid peut provoquer une sensation de fatigue. Il peut aussi accentuer les probl\u00e8mes articulaires. Cela influence n\u00e9gativement le moral.<\/li>\n<\/ul>\n\n\n\n<p><strong>Conseils:<\/strong>&nbsp;Profitez de la lumi\u00e8re du jour. Exposez-vous au soleil. Habillez-vous chaudement.<\/p>\n\n\n\n<h3 class=\"wp-block-heading\">Facteurs psychologiques : Bilan de l&rsquo;ann\u00e9e \u00e9coul\u00e9e, objectifs non atteints, sentiment d&rsquo;\u00e9chec<\/h3>\n\n\n<div class=\"wp-block-image\">\n<figure class=\"alignright size-large is-resized\"><img loading=\"lazy\" decoding=\"async\" width=\"683\" height=\"1024\" src=\"https:\/\/www.vos-idees-nos-projets.fr\/blog\/wp-content\/uploads\/2025\/01\/1920-Web-Homme-medecin-683x1024.jpg\" alt=\"\" class=\"wp-image-929\" style=\"width:223px;height:auto\" srcset=\"https:\/\/www.vos-idees-nos-projets.fr\/blog\/wp-content\/uploads\/2025\/01\/1920-Web-Homme-medecin-683x1024.jpg 683w, https:\/\/www.vos-idees-nos-projets.fr\/blog\/wp-content\/uploads\/2025\/01\/1920-Web-Homme-medecin-200x300.jpg 200w, https:\/\/www.vos-idees-nos-projets.fr\/blog\/wp-content\/uploads\/2025\/01\/1920-Web-Homme-medecin-768x1152.jpg 768w, https:\/\/www.vos-idees-nos-projets.fr\/blog\/wp-content\/uploads\/2025\/01\/1920-Web-Homme-medecin-1024x1536.jpg 1024w, https:\/\/www.vos-idees-nos-projets.fr\/blog\/wp-content\/uploads\/2025\/01\/1920-Web-Homme-medecin-1365x2048.jpg 1365w, https:\/\/www.vos-idees-nos-projets.fr\/blog\/wp-content\/uploads\/2025\/01\/1920-Web-Homme-medecin-scaled.jpg 1707w\" sizes=\"auto, (max-width: 683px) 100vw, 683px\" \/><\/figure>\n<\/div>\n\n\n<p>Des facteurs psychologiques influencent le moral. Le d\u00e9but d\u2019ann\u00e9e est un moment de bilan.<\/p>\n\n\n\n<ul class=\"wp-block-list\">\n<li><strong>Bilan de l&rsquo;ann\u00e9e \u00e9coul\u00e9e:<\/strong>&nbsp;Vous faites le bilan de l\u2019ann\u00e9e pass\u00e9e. Vous pouvez ressentir des regrets ou des d\u00e9ceptions.<\/li>\n\n\n\n<li><strong>Objectifs non atteints:<\/strong>&nbsp;Vous n\u2019avez pas atteint tous vos objectifs. Cela peut g\u00e9n\u00e9rer de la frustration.<\/li>\n\n\n\n<li><strong>Sentiment d&rsquo;\u00e9chec:<\/strong>&nbsp;Vous pouvez vous sentir d\u00e9motiv\u00e9. Vous pouvez perdre confiance en vous.<\/li>\n<\/ul>\n\n\n\n<p><strong>Conseils:<\/strong>&nbsp;Soyez indulgent envers vous-m\u00eame. Fixez-vous des objectifs r\u00e9alistes. C\u00e9l\u00e9brez vos r\u00e9ussites.<\/p>\n\n\n\n<h3 class=\"wp-block-heading\">Facteurs sociaux : Isolement, pression sociale, manque de motivation<\/h3>\n\n\n\n<p>Des facteurs sociaux peuvent accentuer la d\u00e9prime. L\u2019isolement est un facteur aggravant.<\/p>\n\n\n\n<ul class=\"wp-block-list\">\n<li><strong>Isolement:<\/strong>&nbsp;Le manque de contacts sociaux peut engendrer de la tristesse et de l\u2019anxi\u00e9t\u00e9.<\/li>\n\n\n\n<li><strong>Pression sociale:<\/strong>&nbsp;La pression sociale, li\u00e9e aux f\u00eates de fin d\u2019ann\u00e9e ou aux objectifs professionnels, peut \u00eatre source de stress.<\/li>\n\n\n\n<li><strong>Manque de motivation:<\/strong>&nbsp;La p\u00e9riode hivernale peut engendrer une baisse de motivation.<\/li>\n<\/ul>\n\n\n\n<p><strong>Conseils:<\/strong>&nbsp;Cultivez vos liens sociaux. Passez du temps avec vos proches. Pratiquez des activit\u00e9s qui vous plaisent. Fixez-vous des objectifs motivants.<\/p>\n\n\n\n<h2 class=\"wp-block-heading\">\ud83d\ude4b Combattre la d\u00e9prime du Blue Monday : Des solutions pour retrouver le moral<\/h2>\n\n\n\n<p>Le Blue Monday n\u2019est pas une fatalit\u00e9. De nombreuses solutions existent. Elles vous aident \u00e0 retrouver le moral. Elles am\u00e9liorent votre bien-\u00eatre.<\/p>\n\n\n\n<h3 class=\"wp-block-heading\">Conseils pour am\u00e9liorer son bien-\u00eatre au quotidien : Les bases d&rsquo;une meilleure forme<\/h3>\n\n\n\n<p>De petits changements am\u00e9liorent votre bien-\u00eatre au quotidien.<\/p>\n\n\n\n<ul class=\"wp-block-list\">\n<li><strong>Activit\u00e9 physique:<\/strong>&nbsp;Bougez&nbsp;! Marchez, faites du sport, dansez\u2026 L\u2019activit\u00e9 physique lib\u00e8re des endorphines. Ce sont des hormones du bonheur. Elles am\u00e9liorent le moral.<\/li>\n\n\n\n<li><strong>Alimentation saine:<\/strong>&nbsp;Mangez \u00e9quilibr\u00e9. Privil\u00e9giez les fruits, les l\u00e9gumes, les prot\u00e9ines. Limitez les sucres et les graisses satur\u00e9es. Une bonne alimentation vous donne de l&rsquo;\u00e9nergie.<\/li>\n\n\n\n<li><strong>Sommeil r\u00e9parateur:<\/strong>&nbsp;Dormez suffisamment. Le manque de sommeil provoque fatigue et irritabilit\u00e9. Il impacte le moral.<\/li>\n<\/ul>\n\n\n\n<figure class=\"wp-block-image size-full\"><a href=\"https:\/\/www.ag2rlamondiale.fr\/tous-nos-services\/service-les-trouvailles-de-pat\" target=\"_blank\" rel=\"noopener\"><img loading=\"lazy\" decoding=\"async\" width=\"840\" height=\"226\" src=\"https:\/\/www.vos-idees-nos-projets.fr\/blog\/wp-content\/uploads\/2025\/01\/Capture-decran-2025-01-20-175044.png\" alt=\"\" class=\"wp-image-934\" srcset=\"https:\/\/www.vos-idees-nos-projets.fr\/blog\/wp-content\/uploads\/2025\/01\/Capture-decran-2025-01-20-175044.png 840w, https:\/\/www.vos-idees-nos-projets.fr\/blog\/wp-content\/uploads\/2025\/01\/Capture-decran-2025-01-20-175044-300x81.png 300w, https:\/\/www.vos-idees-nos-projets.fr\/blog\/wp-content\/uploads\/2025\/01\/Capture-decran-2025-01-20-175044-768x207.png 768w\" sizes=\"auto, (max-width: 840px) 100vw, 840px\" \/><\/a><\/figure>\n\n\n\n<h3 class=\"wp-block-heading\">Techniques de gestion du stress et de la d\u00e9prime : Des outils pour g\u00e9rer les \u00e9motions<\/h3>\n\n\n\n<p>Des techniques vous aident \u00e0 g\u00e9rer le stress et la d\u00e9prime.<\/p>\n\n\n\n<ul class=\"wp-block-list\">\n<li><strong>M\u00e9ditation:<\/strong>&nbsp;Quelques minutes de m\u00e9ditation par jour r\u00e9duisent le stress. Elle am\u00e9liore la concentration.<\/li>\n\n\n\n<li><strong>Sophrologie:<\/strong>&nbsp;La sophrologie associe relaxation et exercices respiratoires. Elle calme l&rsquo;esprit.<\/li>\n\n\n\n<li><strong>Relaxation:<\/strong>&nbsp;Prenez le temps de vous d\u00e9tendre. Lisez un livre, \u00e9coutez de la musique, prenez un bain chaud\u2026<\/li>\n<\/ul>\n\n\n\n<h3 class=\"wp-block-heading\">Importance des relations sociales et des activit\u00e9s stimulantes : Combattre l&rsquo;isolement<\/h3>\n\n\n\n<p>Les relations sociales et les activit\u00e9s stimulantes sont essentielles.<\/p>\n\n\n\n<ul class=\"wp-block-list\">\n<li><strong>Relations sociales:<\/strong>&nbsp;Passez du temps avec vos proches. Cultivez vos amiti\u00e9s. Rejoignez un club ou une association. L\u2019isolement est n\u00e9faste pour le moral.<\/li>\n\n\n\n<li><strong>Activit\u00e9s stimulantes:<\/strong>&nbsp;Pratiquez une activit\u00e9 qui vous passionne. Apprenez quelque chose de nouveau. Fixez-vous des objectifs. La stimulation intellectuelle et \u00e9motionnelle est importante.<\/li>\n<\/ul>\n\n\n<div class=\"wp-block-image\">\n<figure class=\"aligncenter size-full\"><a href=\"https:\/\/www.ag2rlamondiale.fr\/tous-nos-services\/service-les-trouvailles-de-pat\" target=\"_blank\" rel=\"noopener\"><img loading=\"lazy\" decoding=\"async\" width=\"835\" height=\"229\" src=\"https:\/\/www.vos-idees-nos-projets.fr\/blog\/wp-content\/uploads\/2025\/01\/Capture-decran-2025-01-20-175608.png\" alt=\"\" class=\"wp-image-936\" srcset=\"https:\/\/www.vos-idees-nos-projets.fr\/blog\/wp-content\/uploads\/2025\/01\/Capture-decran-2025-01-20-175608.png 835w, https:\/\/www.vos-idees-nos-projets.fr\/blog\/wp-content\/uploads\/2025\/01\/Capture-decran-2025-01-20-175608-300x82.png 300w, https:\/\/www.vos-idees-nos-projets.fr\/blog\/wp-content\/uploads\/2025\/01\/Capture-decran-2025-01-20-175608-768x211.png 768w\" sizes=\"auto, (max-width: 835px) 100vw, 835px\" \/><\/a><\/figure>\n<\/div>\n\n\n<h2 class=\"wp-block-heading\">\ud83e\uddd6\u200d\u2642\ufe0f Le Blue Monday, une occasion de prendre soin de soi<\/h2>\n\n\n\n<p>Le Blue Monday attire l&rsquo;attention. Il nous rappelle l&rsquo;importance du bien-\u00eatre. Il n&rsquo;est pas une fatalit\u00e9.<\/p>\n\n\n\n<h3 class=\"wp-block-heading\"><strong>Synth\u00e8se des facteurs contribuant \u00e0 la d\u00e9prime hivernale:<\/strong><\/h3>\n\n\n\n<p>Nous avons vu que plusieurs facteurs influencent le moral en hiver :<\/p>\n\n\n\n<ul class=\"wp-block-list\">\n<li><strong>Facteurs saisonniers:<\/strong>&nbsp;Manque de lumi\u00e8re et froid.<\/li>\n\n\n\n<li><strong>Facteurs psychologiques:<\/strong>&nbsp;Bilan de l&rsquo;ann\u00e9e, objectifs non atteints, sentiment d&rsquo;\u00e9chec.<\/li>\n\n\n\n<li><strong>Facteurs sociaux:<\/strong>&nbsp;Isolement, pression sociale, manque de motivation.<\/li>\n<\/ul>\n\n\n\n<h3 class=\"wp-block-heading\"><strong>Conseils pour aborder le Blue Monday sereinement et prendre soin de sa sant\u00e9 mentale:<\/strong><\/h3>\n\n\n\n<ul class=\"wp-block-list\">\n<li><strong>Adoptez un mode de vie sain:<\/strong>&nbsp;Pratiquez une activit\u00e9 physique r\u00e9guli\u00e8re. Mangez \u00e9quilibr\u00e9. Dormez suffisamment.<\/li>\n\n\n\n<li><strong>G\u00e9rez votre stress:<\/strong>&nbsp;Utilisez des techniques de relaxation (m\u00e9ditation, sophrologie&#8230;).<\/li>\n\n\n\n<li><strong>Cultivez vos liens sociaux:<\/strong>&nbsp;Passez du temps avec vos proches. Participez \u00e0 des activit\u00e9s de groupe.<\/li>\n\n\n\n<li><strong>Fixez-vous des objectifs r\u00e9alistes:<\/strong>&nbsp;C\u00e9l\u00e9brez vos r\u00e9ussites. Soyez indulgent envers vous-m\u00eame.<\/li>\n<\/ul>\n\n\n<div class=\"wp-block-image\">\n<figure class=\"aligncenter size-full\"><a href=\"https:\/\/www.vos-idees-nos-projets.fr\/blog\/\"><img loading=\"lazy\" decoding=\"async\" width=\"883\" height=\"274\" src=\"https:\/\/www.vos-idees-nos-projets.fr\/blog\/wp-content\/uploads\/2024\/12\/Capture-decran-2024-12-20-104755.png\" alt=\"Emploi senior\" class=\"wp-image-897\" srcset=\"https:\/\/www.vos-idees-nos-projets.fr\/blog\/wp-content\/uploads\/2024\/12\/Capture-decran-2024-12-20-104755.png 883w, https:\/\/www.vos-idees-nos-projets.fr\/blog\/wp-content\/uploads\/2024\/12\/Capture-decran-2024-12-20-104755-300x93.png 300w, https:\/\/www.vos-idees-nos-projets.fr\/blog\/wp-content\/uploads\/2024\/12\/Capture-decran-2024-12-20-104755-768x238.png 768w\" sizes=\"auto, (max-width: 883px) 100vw, 883px\" \/><\/a><\/figure>\n<\/div>\n\n<div class=\"wp-block-image\">\n<figure class=\"aligncenter size-full\"><a href=\"https:\/\/www.ag2rlamondiale.fr\/groupe\/nos-engagements\/placer-le-client-au-coeur-de-nos-actions\/stimuler-l-innovation\" target=\"_blank\" rel=\"noopener\"><img loading=\"lazy\" decoding=\"async\" width=\"999\" height=\"247\" src=\"https:\/\/www.vos-idees-nos-projets.fr\/blog\/wp-content\/uploads\/2024\/12\/image-1.png\" alt=\"\" class=\"wp-image-803\" srcset=\"https:\/\/www.vos-idees-nos-projets.fr\/blog\/wp-content\/uploads\/2024\/12\/image-1.png 999w, https:\/\/www.vos-idees-nos-projets.fr\/blog\/wp-content\/uploads\/2024\/12\/image-1-300x74.png 300w, https:\/\/www.vos-idees-nos-projets.fr\/blog\/wp-content\/uploads\/2024\/12\/image-1-768x190.png 768w\" sizes=\"auto, (max-width: 999px) 100vw, 999px\" \/><\/a><\/figure>\n<\/div>\n\n\n<p><\/p>\n","protected":false},"excerpt":{"rendered":"<p>\ud83d\udcd8 Le Blue Monday : mythe ou r\u00e9alit\u00e9&nbsp;? D\u00e9cryptage d\u2019un ph\u00e9nom\u00e8ne Le Blue Monday est un concept marketing, mais la d\u00e9prime hivernale est une r\u00e9alit\u00e9 pour beaucoup. Fatigue, manque de motivation, baisse de moral\u2026 Cet article vous aide \u00e0 comprendre les causes et \u00e0 mettre en place des strat\u00e9gies pour am\u00e9liorer votre bien-\u00eatre et retrouver [&hellip;]<\/p>\n","protected":false},"author":10,"featured_media":937,"comment_status":"closed","ping_status":"open","sticky":false,"template":"","format":"standard","meta":{"footnotes":""},"categories":[141],"tags":[163,177,178,179],"class_list":["post-927","post","type-post","status-publish","format-standard","has-post-thumbnail","hentry","category-prendre-soin-de-soi","tag-bien-etre","tag-fatigue","tag-deprime","tag-blue-monday","entry","has-media"],"_links":{"self":[{"href":"https:\/\/www.vos-idees-nos-projets.fr\/blog\/wp-json\/wp\/v2\/posts\/927","targetHints":{"allow":["GET"]}}],"collection":[{"href":"https:\/\/www.vos-idees-nos-projets.fr\/blog\/wp-json\/wp\/v2\/posts"}],"about":[{"href":"https:\/\/www.vos-idees-nos-projets.fr\/blog\/wp-json\/wp\/v2\/types\/post"}],"author":[{"embeddable":true,"href":"https:\/\/www.vos-idees-nos-projets.fr\/blog\/wp-json\/wp\/v2\/users\/10"}],"replies":[{"embeddable":true,"href":"https:\/\/www.vos-idees-nos-projets.fr\/blog\/wp-json\/wp\/v2\/comments?post=927"}],"version-history":[{"count":6,"href":"https:\/\/www.vos-idees-nos-projets.fr\/blog\/wp-json\/wp\/v2\/posts\/927\/revisions"}],"predecessor-version":[{"id":1129,"href":"https:\/\/www.vos-idees-nos-projets.fr\/blog\/wp-json\/wp\/v2\/posts\/927\/revisions\/1129"}],"wp:featuredmedia":[{"embeddable":true,"href":"https:\/\/www.vos-idees-nos-projets.fr\/blog\/wp-json\/wp\/v2\/media\/937"}],"wp:attachment":[{"href":"https:\/\/www.vos-idees-nos-projets.fr\/blog\/wp-json\/wp\/v2\/media?parent=927"}],"wp:term":[{"taxonomy":"category","embeddable":true,"href":"https:\/\/www.vos-idees-nos-projets.fr\/blog\/wp-json\/wp\/v2\/categories?post=927"},{"taxonomy":"post_tag","embeddable":true,"href":"https:\/\/www.vos-idees-nos-projets.fr\/blog\/wp-json\/wp\/v2\/tags?post=927"}],"curies":[{"name":"wp","href":"https:\/\/api.w.org\/{rel}","templated":true}]}}