{"id":975,"date":"2025-03-03T16:15:31","date_gmt":"2025-03-03T15:15:31","guid":{"rendered":"https:\/\/www.vos-idees-nos-projets.fr\/blog\/?p=975"},"modified":"2025-09-23T15:34:25","modified_gmt":"2025-09-23T13:34:25","slug":"bien-etre-au-travail","status":"publish","type":"post","link":"https:\/\/www.vos-idees-nos-projets.fr\/blog\/bien-etre-au-travail\/","title":{"rendered":"Bien \u00eatre au travail : Boostez la performance de vos \u00e9quipes"},"content":{"rendered":"\n<h1 class=\"wp-block-heading\">Bien \u00eatre au travail : Boostez la performance de vos \u00e9quipes<\/h1>\n\n\n\n<h2 class=\"wp-block-heading\">\u2763\ufe0f Introduction : Le bien \u00eatre au travail, un enjeu majeur pour les entreprises<\/h2>\n\n\n<div class=\"wp-block-image\">\n<figure class=\"alignright size-large is-resized\"><img loading=\"lazy\" decoding=\"async\" width=\"683\" height=\"1024\" src=\"https:\/\/www.vos-idees-nos-projets.fr\/blog\/wp-content\/uploads\/2025\/02\/1920-Web-Salarie-en-boulangerie-683x1024.jpg\" alt=\"bien \u00eatre au travail\n\" class=\"wp-image-977\" style=\"width:190px;height:auto\" srcset=\"https:\/\/www.vos-idees-nos-projets.fr\/blog\/wp-content\/uploads\/2025\/02\/1920-Web-Salarie-en-boulangerie-683x1024.jpg 683w, https:\/\/www.vos-idees-nos-projets.fr\/blog\/wp-content\/uploads\/2025\/02\/1920-Web-Salarie-en-boulangerie-200x300.jpg 200w, https:\/\/www.vos-idees-nos-projets.fr\/blog\/wp-content\/uploads\/2025\/02\/1920-Web-Salarie-en-boulangerie-768x1151.jpg 768w, https:\/\/www.vos-idees-nos-projets.fr\/blog\/wp-content\/uploads\/2025\/02\/1920-Web-Salarie-en-boulangerie-1025x1536.jpg 1025w, https:\/\/www.vos-idees-nos-projets.fr\/blog\/wp-content\/uploads\/2025\/02\/1920-Web-Salarie-en-boulangerie-1367x2048.jpg 1367w, https:\/\/www.vos-idees-nos-projets.fr\/blog\/wp-content\/uploads\/2025\/02\/1920-Web-Salarie-en-boulangerie-scaled.jpg 1708w\" sizes=\"auto, (max-width: 683px) 100vw, 683px\" \/><\/figure>\n<\/div>\n\n\n<p>Le bien \u00eatre au travail est devenu un enjeu crucial pour les entreprises. Il impacte directement la performance et la productivit\u00e9 des salari\u00e9s. Une bonne&nbsp;<strong>QVT<\/strong>&nbsp;(Qualit\u00e9 de Vie au Travail) se traduit par une meilleure<strong>&nbsp;sant\u00e9 au travail.<\/strong><\/p>\n\n\n\n<p>L&rsquo;impact du bien \u00eatre au travail sur la performance : Des salari\u00e9s \u00e9panouis sont plus productifs. L&rsquo;<strong>absent\u00e9isme<\/strong>, li\u00e9 au stress ou \u00e0 des probl\u00e8mes de sant\u00e9, co\u00fbte cher aux entreprises. La&nbsp;<strong>pr\u00e9vention absent\u00e9isme<\/strong>&nbsp;est donc essentielle. Investir dans le bien-\u00eatre, c&rsquo;est investir dans la r\u00e9ussite de votre entreprise.<\/p>\n\n\n\n<p>Des solutions concr\u00e8tes pour am\u00e9liorer la QVT : De nombreuses solutions existent pour am\u00e9liorer la&nbsp;<strong>QVT<\/strong>&nbsp;et mettre en place une politique de&nbsp;<strong>QVCT<\/strong>&nbsp;(Qualit\u00e9 de Vie et Conditions de Travail) efficace. Cet article explore des solutions innovantes pour booster le bien-\u00eatre de vos \u00e9quipes.<\/p>\n\n\n\n<p>Un aper\u00e7u des solutions abord\u00e9es : Nous allons vous pr\u00e9senter des outils performants pour am\u00e9liorer la gestion financi\u00e8re de vos salari\u00e9s (avec Nesspay et Klaro). Nous aborderons \u00e9galement des solutions pour prendre soin de leur sant\u00e9 physique et mentale (Predilife et NumaHealth). Pr\u00e9parez-vous \u00e0 d\u00e9couvrir comment optimiser le bien \u00eatre au travail&nbsp;!<\/p>\n\n\n\n<h2 class=\"wp-block-heading\">\ud83d\ude00 <strong>Am\u00e9liorer le pouvoir d&rsquo;achat et la gestion financi\u00e8re des salari\u00e9s<\/strong><\/h2>\n\n\n\n<h3 class=\"wp-block-heading\">Le stress financier, un facteur cl\u00e9 de mal-\u00eatre au travail<\/h3>\n\n\n\n<p>Le stress financier impacte fortement la&nbsp;<strong>QVT<\/strong>. Les difficult\u00e9s financi\u00e8res peuvent engendrer du stress, de l&rsquo;anxi\u00e9t\u00e9 et une baisse de moral. Cela se r\u00e9percute directement sur le travail, augmentant l&rsquo;<strong>absent\u00e9isme<\/strong>&nbsp;et diminuant la&nbsp;<strong>productivit\u00e9 des salari\u00e9s<\/strong>.<\/p>\n\n\n\n<p>Cons\u00e9quences du stress financier sur la performance : Des \u00e9tudes montrent un lien direct entre difficult\u00e9s financi\u00e8res et baisse de performance. La concentration diminue, les erreurs augmentent. Le&nbsp;<strong>bien \u00eatre au travail<\/strong>&nbsp;est consid\u00e9rablement impact\u00e9.<\/p>\n\n\n<div class=\"wp-block-image\">\n<figure class=\"alignright size-large is-resized\"><img loading=\"lazy\" decoding=\"async\" width=\"977\" height=\"1024\" src=\"https:\/\/www.vos-idees-nos-projets.fr\/blog\/wp-content\/uploads\/2025\/02\/1920-Web-Jeune-femme-pensive-1-977x1024.jpg\" alt=\"\" class=\"wp-image-978\" style=\"width:223px;height:auto\" srcset=\"https:\/\/www.vos-idees-nos-projets.fr\/blog\/wp-content\/uploads\/2025\/02\/1920-Web-Jeune-femme-pensive-1-977x1024.jpg 977w, https:\/\/www.vos-idees-nos-projets.fr\/blog\/wp-content\/uploads\/2025\/02\/1920-Web-Jeune-femme-pensive-1-286x300.jpg 286w, https:\/\/www.vos-idees-nos-projets.fr\/blog\/wp-content\/uploads\/2025\/02\/1920-Web-Jeune-femme-pensive-1-768x805.jpg 768w, https:\/\/www.vos-idees-nos-projets.fr\/blog\/wp-content\/uploads\/2025\/02\/1920-Web-Jeune-femme-pensive-1-1466x1536.jpg 1466w, https:\/\/www.vos-idees-nos-projets.fr\/blog\/wp-content\/uploads\/2025\/02\/1920-Web-Jeune-femme-pensive-1.jpg 1920w\" sizes=\"auto, (max-width: 977px) 100vw, 977px\" \/><\/figure>\n<\/div>\n\n\n<p>Impact sur la sant\u00e9 et le bien-\u00eatre : Le stress financier peut avoir des cons\u00e9quences n\u00e9fastes sur la sant\u00e9 physique et mentale. Des troubles du sommeil, des probl\u00e8mes digestifs et m\u00eame des risques cardiovasculaires peuvent survenir. C&rsquo;est un facteur majeur \u00e0 prendre en compte dans la gestion de la&nbsp;<strong>sant\u00e9 au travail<\/strong>.<\/p>\n\n\n\n<p>Pr\u00e9venir le stress financier : une solution QVT efficace : La pr\u00e9vention est essentielle. Proposer des solutions pour faciliter la gestion budg\u00e9taire des salari\u00e9s est un investissement majeur dans la&nbsp;<strong>QVT<\/strong>. Cela permet d\u2019am\u00e9liorer la&nbsp;<strong>pr\u00e9vention absent\u00e9isme<\/strong>&nbsp;et la&nbsp;<strong>productivit\u00e9<\/strong>.<\/p>\n\n\n\n<h3 class=\"wp-block-heading\">Nesspay : L&rsquo;acompte sur salaire pour une meilleure gestion du budget<\/h3>\n\n\n\n<p>Nesspay offre une solution innovante pour am\u00e9liorer la gestion financi\u00e8re des salari\u00e9s. Gr\u00e2ce \u00e0 l&rsquo;<strong>acompte sur salaire<\/strong>, vos employ\u00e9s peuvent acc\u00e9der \u00e0 une partie de leur salaire avant la date de paiement. C&rsquo;est une solution simple et efficace pour mieux g\u00e9rer leur budget au quotidien.<\/p>\n\n\n\n<p>Avantages de l&rsquo;acompte sur salaire avec Nesspay : L&rsquo;<strong>acompte sur salaire<\/strong>&nbsp;permet de r\u00e9duire le stress financier. Vos salari\u00e9s peuvent faire face aux impr\u00e9vus sans se retrouver en difficult\u00e9. Cela am\u00e9liore leur&nbsp;<strong>QVT<\/strong>&nbsp;et leur&nbsp;<strong>bien \u00eatre au travail<\/strong>. L&rsquo;impact positif sur la&nbsp;<strong>productivit\u00e9<\/strong>&nbsp;est significatif.<\/p>\n\n\n\n<p>Impact positif sur l\u2019absent\u00e9isme et la sant\u00e9 au travail : En r\u00e9duisant le stress financier, Nesspay contribue \u00e0 la&nbsp;<strong>pr\u00e9vention absent\u00e9isme<\/strong>. Vos salari\u00e9s sont plus sereins et plus concentr\u00e9s sur leur travail. Leur&nbsp;<strong>sant\u00e9 au travail<\/strong>&nbsp;s&rsquo;am\u00e9liore, contribuant \u00e0 une meilleure&nbsp;<strong>QVCT<\/strong>.<\/p>\n\n\n\n<p>Int\u00e9gration facile et transparente : L&rsquo;int\u00e9gration de Nesspay est simple et rapide. La solution est transparente pour l&rsquo;entreprise et les salari\u00e9s. C&rsquo;est un moyen simple et efficace d&rsquo;am\u00e9liorer la&nbsp;<strong>gestion financi\u00e8re<\/strong>&nbsp;et la&nbsp;<strong>QVT<\/strong>&nbsp;de vos \u00e9quipes. C&rsquo;est une v\u00e9ritable&nbsp;<strong>solution QVT<\/strong>&nbsp;accessible.<\/p>\n\n\n\n<h3 class=\"wp-block-heading\">Klaro : Acc\u00e8s simplifi\u00e9 aux aides sociales et financi\u00e8res<\/h3>\n\n\n\n<p>Klaro est une plateforme qui simplifie l&rsquo;acc\u00e8s aux aides sociales et financi\u00e8res pour vos salari\u00e9s. Gr\u00e2ce \u00e0 Klaro, ils peuvent identifier facilement les aides auxquelles ils ont droit, am\u00e9liorant ainsi leur&nbsp;<strong>pouvoir d&rsquo;achat<\/strong>&nbsp;et r\u00e9duisant leur stress financier.<\/p>\n\n\n\n<p>Simplifier l&rsquo;acc\u00e8s aux aides sociales : Naviguer dans le syst\u00e8me des aides sociales peut \u00eatre complexe. Klaro simplifie les d\u00e9marches. Vos salari\u00e9s gagnent du temps et de l&rsquo;\u00e9nergie. C&rsquo;est un gain pr\u00e9cieux pour leur&nbsp;<strong>bien \u00eatre au travail<\/strong>.<\/p>\n\n\n\n<p>Impact positif sur la QVT et la productivit\u00e9 : En facilitant l&rsquo;acc\u00e8s aux&nbsp;<strong>aides sociales<\/strong>, Klaro am\u00e9liore la&nbsp;<strong>QVT<\/strong>. Vos salari\u00e9s sont moins pr\u00e9occup\u00e9s par leurs finances. Ils sont plus concentr\u00e9s sur leur travail. La&nbsp;<strong>productivit\u00e9<\/strong>&nbsp;augmente et l&rsquo;<strong>absent\u00e9isme<\/strong>&nbsp;diminue.<\/p>\n\n\n\n<p>Une solution compl\u00e8te pour am\u00e9liorer le pouvoir d&rsquo;achat : Klaro propose une solution compl\u00e8te pour maximiser le&nbsp;<strong>pouvoir d&rsquo;achat<\/strong>&nbsp;des salari\u00e9s. C&rsquo;est une solution simple et efficace pour am\u00e9liorer leur&nbsp;<strong>gestion financi\u00e8re<\/strong>&nbsp;et leur&nbsp;<strong>bien \u00eatre au travail<\/strong>. C&rsquo;est une autre brique importante pour une politique de&nbsp;<strong>QVCT<\/strong>&nbsp;efficace. Cela participe \u00e0 la&nbsp;<strong>pr\u00e9vention absent\u00e9isme<\/strong>&nbsp;et am\u00e9liore la&nbsp;<strong>sant\u00e9 au travail<\/strong>.<\/p>\n\n\n<div class=\"wp-block-image\">\n<figure class=\"aligncenter size-full\"><a href=\"https:\/\/www.ag2rlamondiale.fr\/tous-nos-services\/service-les-trouvailles-de-pat\" target=\"_blank\" rel=\"noopener\"><img loading=\"lazy\" decoding=\"async\" width=\"976\" height=\"265\" src=\"https:\/\/www.vos-idees-nos-projets.fr\/blog\/wp-content\/uploads\/2025\/02\/Capture-decran-2025-02-28-165029.png\" alt=\"\" class=\"wp-image-981\" srcset=\"https:\/\/www.vos-idees-nos-projets.fr\/blog\/wp-content\/uploads\/2025\/02\/Capture-decran-2025-02-28-165029.png 976w, https:\/\/www.vos-idees-nos-projets.fr\/blog\/wp-content\/uploads\/2025\/02\/Capture-decran-2025-02-28-165029-300x81.png 300w, https:\/\/www.vos-idees-nos-projets.fr\/blog\/wp-content\/uploads\/2025\/02\/Capture-decran-2025-02-28-165029-768x209.png 768w\" sizes=\"auto, (max-width: 976px) 100vw, 976px\" \/><\/a><\/figure>\n<\/div>\n\n\n<h2 class=\"wp-block-heading\">\ud83d\udcaa <strong>Favoriser la sant\u00e9 physique et <\/strong>m<strong>entale des employ\u00e9s<\/strong><\/h2>\n\n\n\n<h3 class=\"wp-block-heading\">L&rsquo;importance des bilans de sant\u00e9 pr\u00e9ventifs dans le bien \u00eatre au travail<\/h3>\n\n\n\n<p>Des bilans de sant\u00e9 r\u00e9guliers sont essentiels pour la&nbsp;<strong>sant\u00e9 au travail<\/strong>. La&nbsp;<strong>pr\u00e9vention sant\u00e9<\/strong>&nbsp;est un pilier de la&nbsp;<strong>QVT<\/strong>. Des examens pr\u00e9ventifs permettent de d\u00e9tecter des probl\u00e8mes de sant\u00e9 \u00e0 un stade pr\u00e9coce.<\/p>\n\n\n\n<p>D\u00e9tection pr\u00e9coce des probl\u00e8mes de sant\u00e9 : Un&nbsp;<strong>bilan de sant\u00e9<\/strong>&nbsp;permet un&nbsp;<strong>d\u00e9pistage<\/strong>&nbsp;pr\u00e9coce de nombreuses maladies. Un traitement rapide am\u00e9liore le pronostic et la qualit\u00e9 de vie. Cela r\u00e9duit les risques d&rsquo;<strong>absent\u00e9isme<\/strong>&nbsp;prolong\u00e9.<\/p>\n\n\n\n<p>Am\u00e9lioration de la sant\u00e9 et du bien-\u00eatre : Un suivi m\u00e9dical r\u00e9gulier permet de maintenir une bonne sant\u00e9. Vos salari\u00e9s se sentent mieux dans leur corps et dans leur t\u00eate. Leur&nbsp;<strong>bien \u00eatre au travail<\/strong>&nbsp;s&rsquo;am\u00e9liore, ainsi que leur&nbsp;<strong>productivit\u00e9<\/strong>.<\/p>\n\n\n\n<p>Investir dans la pr\u00e9vention, c&rsquo;est investir dans la performance : Investir dans la&nbsp;<strong>pr\u00e9vention sant\u00e9<\/strong>&nbsp;est un investissement rentable. Cela am\u00e9liore la&nbsp;<strong>QVT<\/strong>, r\u00e9duit l&rsquo;<strong>absent\u00e9isme<\/strong>, et augmente la&nbsp;<strong>productivit\u00e9 des salari\u00e9s<\/strong>. C&rsquo;est un \u00e9l\u00e9ment cl\u00e9 de votre politique de&nbsp;<strong>QVCT<\/strong>.<\/p>\n\n\n\n<h3 class=\"wp-block-heading\">Predilife : Un bilan de sant\u00e9 pr\u00e9dictif pour une pr\u00e9vention personnalis\u00e9e<\/h3>\n\n\n\n<p>Predilife propose des bilans de sant\u00e9 pr\u00e9dictifs. Ce type de&nbsp;<strong>bilan de sant\u00e9<\/strong>&nbsp;va plus loin qu&rsquo;un simple examen m\u00e9dical. Il utilise des algorithmes pour \u00e9valuer les risques de d\u00e9velopper certaines maladies.<\/p>\n\n\n\n<p>\u00c9valuation des risques personnalis\u00e9s : Predilife analyse diff\u00e9rents facteurs pour \u00e9valuer les risques de mani\u00e8re personnalis\u00e9e. Chaque salari\u00e9 re\u00e7oit des recommandations adapt\u00e9es \u00e0 sa situation. C&rsquo;est une approche proactive de la&nbsp;<strong>pr\u00e9vention sant\u00e9<\/strong>.<\/p>\n\n\n\n<p>Pr\u00e9vention personnalis\u00e9e et am\u00e9lioration de la sant\u00e9 : Gr\u00e2ce \u00e0 une&nbsp;<strong>pr\u00e9vention personnalis\u00e9e<\/strong>, les salari\u00e9s peuvent adopter des comportements plus sains. Cela am\u00e9liore leur&nbsp;<strong>sant\u00e9 au travail<\/strong>&nbsp;et leur&nbsp;<strong>bien \u00eatre au travail<\/strong>. Ils sont mieux \u00e9quip\u00e9s pour prendre soin d&rsquo;eux.<\/p>\n\n\n\n<p>R\u00e9duction de l&rsquo;absent\u00e9isme et am\u00e9lioration de la productivit\u00e9 : Predilife contribue \u00e0 la&nbsp;<strong>pr\u00e9vention absent\u00e9isme<\/strong>. En d\u00e9tectant les risques de mani\u00e8re pr\u00e9coce, on peut agir rapidement et efficacement. Vos salari\u00e9s sont plus en forme, plus productifs et plus engag\u00e9s. Predilife est une solution&nbsp;<strong>QVT<\/strong>&nbsp;de pointe pour une meilleure politique de&nbsp;<strong>QVCT<\/strong>. Il permet un v\u00e9ritable&nbsp;<strong>d\u00e9pistage<\/strong>&nbsp;pr\u00e9ventif.<\/p>\n\n\n<div class=\"wp-block-image\">\n<figure class=\"aligncenter size-full\"><a href=\"https:\/\/www.ag2rlamondiale.fr\/tous-nos-services\/service-les-trouvailles-de-pat\" target=\"_blank\" rel=\"noopener\"><img loading=\"lazy\" decoding=\"async\" width=\"950\" height=\"219\" src=\"https:\/\/www.vos-idees-nos-projets.fr\/blog\/wp-content\/uploads\/2025\/02\/Capture-decran-2025-02-06-093842.png\" alt=\"\" class=\"wp-image-982\" srcset=\"https:\/\/www.vos-idees-nos-projets.fr\/blog\/wp-content\/uploads\/2025\/02\/Capture-decran-2025-02-06-093842.png 950w, https:\/\/www.vos-idees-nos-projets.fr\/blog\/wp-content\/uploads\/2025\/02\/Capture-decran-2025-02-06-093842-300x69.png 300w, https:\/\/www.vos-idees-nos-projets.fr\/blog\/wp-content\/uploads\/2025\/02\/Capture-decran-2025-02-06-093842-768x177.png 768w\" sizes=\"auto, (max-width: 950px) 100vw, 950px\" \/><\/a><\/figure>\n<\/div>\n\n\n<h3 class=\"wp-block-heading\">Les risques psychosociaux et leur impact sur le bien-\u00eatre<\/h3>\n\n\n\n<p>Les&nbsp;<strong>risques psychosociaux<\/strong>&nbsp;(RPS) sont un facteur majeur de mal-\u00eatre au travail. Le&nbsp;<strong>stress au travail<\/strong>, le&nbsp;<strong>harc\u00e8lement moral<\/strong>, et la souffrance au travail ont un impact n\u00e9gatif significatif sur la&nbsp;<strong>sant\u00e9 au travail<\/strong>.<\/p>\n\n\n\n<p>Identifier et pr\u00e9venir les risques psychosociaux : Il est crucial d&rsquo;identifier et de pr\u00e9venir les&nbsp;<strong>risques psychosociaux<\/strong>. Des actions concr\u00e8tes sont n\u00e9cessaires pour prot\u00e9ger la sant\u00e9 mentale de vos salari\u00e9s. Une bonne politique de pr\u00e9vention est essentielle pour la&nbsp;<strong>QVT<\/strong>.<\/p>\n\n\n\n<p>Cons\u00e9quences des RPS sur la performance et l&rsquo;absent\u00e9isme : Les RPS augmentent l&rsquo;<strong>absent\u00e9isme<\/strong>, diminuent la&nbsp;<strong>productivit\u00e9 des salari\u00e9s<\/strong>, et impactent le&nbsp;<strong>bien \u00eatre au travail<\/strong>. Ils peuvent mener \u00e0 des maladies graves. La&nbsp;<strong>pr\u00e9vention absent\u00e9isme<\/strong>&nbsp;passe par la pr\u00e9vention des RPS.<\/p>\n\n\n\n<p>Cr\u00e9er un environnement de travail sain et respectueux : Un environnement de travail sain et respectueux est essentiel pour pr\u00e9venir les RPS. Favorisez la communication, le dialogue et le soutien entre les coll\u00e8gues. La mise en place d&rsquo;une politique de&nbsp;<strong>QVCT<\/strong>&nbsp;efficace est primordiale. Une bonne&nbsp;<strong>solution QVT<\/strong>&nbsp;prend en compte ces facteurs pour am\u00e9liorer la&nbsp;<strong>sant\u00e9 au travail<\/strong>.<\/p>\n\n\n\n<h2 class=\"wp-block-heading\"><strong>\ud83d\ude0e Mesurer et am\u00e9liorer le bien \u00eatre au travail gr\u00e2ce \u00e0 des outils innovants<\/strong><\/h2>\n\n\n\n<h3 class=\"wp-block-heading\">L&rsquo;int\u00e9r\u00eat d&rsquo;un suivi r\u00e9gulier du bien-\u00eatre des salari\u00e9s<\/h3>\n\n\n\n<p>Un suivi r\u00e9gulier du&nbsp;<strong>bien \u00eatre au travail<\/strong>&nbsp;est essentiel. Il permet d&rsquo;identifier les probl\u00e8mes rapidement et d&rsquo;agir efficacement. Le suivi permet de mesurer l&rsquo;impact des actions mises en place.<\/p>\n\n\n\n<p>Importance des indicateurs de bien-\u00eatre : Des&nbsp;<strong>indicateurs de bien \u00eatre<\/strong> au travail&nbsp;permettent de suivre l&rsquo;\u00e9volution de la&nbsp;<strong>QVT<\/strong>. On peut ainsi \u00e9valuer l&rsquo;efficacit\u00e9 des actions de pr\u00e9vention. Ces&nbsp;<strong>indicateurs bien \u00eatre au travail<\/strong>&nbsp;permettent un pilotage pr\u00e9cis de la politique de&nbsp;<strong>QVCT<\/strong>.<\/p>\n\n\n\n<p>D\u00e9tection pr\u00e9coce des probl\u00e8mes et adaptation des actions : Un suivi r\u00e9gulier permet de d\u00e9tecter les probl\u00e8mes pr\u00e9cocement. On peut adapter les actions en fonction des besoins. Cela am\u00e9liore l&rsquo;efficacit\u00e9 des interventions et maximise l&rsquo;impact positif sur le&nbsp;<strong>bien \u00eatre au travail<\/strong>.<\/p>\n\n\n\n<p>Am\u00e9lioration continue de la QVT : Le suivi r\u00e9gulier permet une am\u00e9lioration continue de la&nbsp;<strong>QVT<\/strong>. C&rsquo;est un processus it\u00e9ratif qui vise \u00e0 cr\u00e9er un environnement de travail toujours plus sain et plus performant. La&nbsp;<strong>mesure bien \u00eatre<\/strong> au travail&nbsp;est essentielle pour une approche efficace.<\/p>\n\n\n\n<h3 class=\"wp-block-heading\">NumaHealth : Un score de bien \u00eatre au travail personnalis\u00e9 et des recommandations cibl\u00e9es<\/h3>\n\n\n\n<p>NumaHealth propose un outil innovant pour mesurer et am\u00e9liorer le&nbsp;<strong>bien \u00eatre au travail<\/strong>. Il fournit un&nbsp;<strong>score bien-\u00eatre<\/strong>&nbsp;personnalis\u00e9 \u00e0 chaque salari\u00e9, accompagn\u00e9 de&nbsp;<strong>recommandations personnalis\u00e9es<\/strong>.<\/p>\n\n\n\n<p>\u00c9valuation pr\u00e9cise du bien-\u00eatre : NumaHealth utilise des algorithmes pour calculer un&nbsp;<strong>score bien-\u00eatre<\/strong>. Ce score est bas\u00e9 sur diff\u00e9rents facteurs, offrant une \u00e9valuation pr\u00e9cise de la situation de chaque individu.<\/p>\n\n\n\n<p>Recommandations personnalis\u00e9es pour une action efficace : Les&nbsp;<strong>recommandations personnalis\u00e9es<\/strong>&nbsp;sont adapt\u00e9es aux besoins de chaque salari\u00e9. Cela permet une intervention cibl\u00e9e et plus efficace. L&rsquo;outil est facile \u00e0 utiliser et \u00e0 int\u00e9grer.<\/p>\n\n\n\n<p>Suivi et am\u00e9lioration continue du bien-\u00eatre : NumaHealth permet un suivi r\u00e9gulier du&nbsp;<strong>bien \u00eatre<\/strong> au travail. Il est possible de suivre l&rsquo;\u00e9volution du&nbsp;<strong>score bien \u00eatre<\/strong>&nbsp;au travail au fil du temps. Cela permet d&rsquo;ajuster les actions et d&rsquo;am\u00e9liorer continuellement la&nbsp;<strong>QVT<\/strong>. C&rsquo;est une&nbsp;<strong>solution QVT<\/strong>&nbsp;performante pour une meilleure&nbsp;<strong>pr\u00e9vention absent\u00e9isme<\/strong>.<\/p>\n\n\n\n<h3 class=\"wp-block-heading\">Mise en place d&rsquo;actions concr\u00e8tes bas\u00e9es sur les donn\u00e9es de NumaHealth<\/h3>\n\n\n\n<p>Les donn\u00e9es fournies par NumaHealth permettent de mettre en place des&nbsp;<strong>actions concr\u00e8tes<\/strong>&nbsp;pour am\u00e9liorer le&nbsp;<strong>bien \u00eatre au travail<\/strong>. L&rsquo;analyse des donn\u00e9es permet d&rsquo;identifier les axes d&rsquo;am\u00e9lioration prioritaires.<\/p>\n\n\n\n<p>Adapter les actions aux besoins sp\u00e9cifiques : Gr\u00e2ce aux donn\u00e9es de NumaHealth, on peut adapter les&nbsp;<strong>actions concr\u00e8tes<\/strong>&nbsp;aux besoins sp\u00e9cifiques de chaque salari\u00e9 ou de chaque \u00e9quipe. Cela permet une intervention plus efficace et plus cibl\u00e9e.<\/p>\n\n\n\n<p>Mesurer l&rsquo;impact des actions mises en place : Le suivi r\u00e9gulier permet de mesurer l&rsquo;impact des&nbsp;<strong>actions concr\u00e8tes<\/strong>&nbsp;sur le&nbsp;<strong>score bien-\u00eatre<\/strong>. On peut ainsi ajuster les actions pour maximiser leur efficacit\u00e9. Cela permet une&nbsp;<strong>am\u00e9lioration QVT<\/strong>&nbsp;continue.<\/p>\n\n\n\n<p>Am\u00e9lioration continue de la performance et de la QVT : La mise en place d&rsquo;<strong>actions concr\u00e8tes<\/strong>, guid\u00e9e par les donn\u00e9es de NumaHealth, conduit \u00e0 une am\u00e9lioration continue de la performance et de la&nbsp;<strong>QVT<\/strong>. C&rsquo;est une boucle vertueuse qui vise \u00e0 cr\u00e9er un environnement de travail optimal. La&nbsp;<strong>pr\u00e9vention absent\u00e9isme<\/strong>&nbsp;est facilit\u00e9e gr\u00e2ce \u00e0 cette approche proactive. Cela contribue \u00e0 une meilleure&nbsp;<strong>sant\u00e9 au travail<\/strong>&nbsp;et \u00e0 une plus grande&nbsp;<strong>productivit\u00e9 des salari\u00e9s<\/strong>.<\/p>\n\n\n\n<h2 class=\"wp-block-heading\">\ud83e\udd29 <strong>Cr\u00e9er une culture ax\u00e9e sur le bien \u00eatre<\/strong> en entreprise<\/h2>\n\n\n\n<h3 class=\"wp-block-heading\">L&rsquo;importance de l&rsquo;implication de la direction<\/h3>\n\n\n\n<p>L&rsquo;<strong>implication du management<\/strong>&nbsp;est essentielle pour une politique de&nbsp;<strong>bien-\u00eatre au travail<\/strong>&nbsp;r\u00e9ussie. Les dirigeants doivent \u00eatre les premiers moteurs du changement. L&rsquo;engagement de la direction est contagieux.<\/p>\n\n\n\n<p>Leadership et exemplarit\u00e9 : Les dirigeants doivent montrer l&rsquo;exemple. Ils doivent \u00eatre les premiers \u00e0 adopter des comportements sains et \u00e0 valoriser le&nbsp;<strong>bien-\u00eatre au travail<\/strong>. Cela renforce l&rsquo;<strong>engagement des salari\u00e9s<\/strong>.<\/p>\n\n\n\n<p>Communication et implication des \u00e9quipes : Une communication transparente et r\u00e9guli\u00e8re est essentielle. Les dirigeants doivent impliquer les \u00e9quipes dans la mise en place des actions. Cela renforce le sentiment d&rsquo;appartenance et d&rsquo;<strong>engagement des salari\u00e9s<\/strong>.<\/p>\n\n\n\n<p>Cr\u00e9er une culture d&rsquo;entreprise ax\u00e9e sur le bien-\u00eatre : L&rsquo;<strong>implication du management<\/strong>&nbsp;permet de cr\u00e9er une v\u00e9ritable&nbsp;<strong>culture d&rsquo;entreprise<\/strong>&nbsp;ax\u00e9e sur le&nbsp;<strong>bien-\u00eatre<\/strong>. Cela a un impact positif sur la&nbsp;<strong>QVT<\/strong>, la&nbsp;<strong>productivit\u00e9<\/strong>, et la r\u00e9duction de l&rsquo;<strong>absent\u00e9isme<\/strong>. C&rsquo;est un investissement majeur pour l&rsquo;entreprise.<\/p>\n\n\n\n<h3 class=\"wp-block-heading\">Mise en place d&rsquo;actions concr\u00e8tes pour promouvoir le bien-\u00eatre<\/h3>\n\n\n\n<p>De nombreuses&nbsp;<strong>actions concr\u00e8tes<\/strong>&nbsp;peuvent \u00eatre mises en place pour promouvoir le&nbsp;<strong>bien-\u00eatre au travail<\/strong>. L&rsquo;objectif est de cr\u00e9er un environnement de travail plus sain et plus agr\u00e9able.<\/p>\n\n\n\n<p>Am\u00e9nagement de l&rsquo;espace de travail : Un&nbsp;<strong>am\u00e9nagement de l&rsquo;espace de travail<\/strong>&nbsp;ergonomique et confortable est important. Cela inclut des postes de travail adapt\u00e9s, des espaces de d\u00e9tente et des salles de r\u00e9union fonctionnelles. Le&nbsp;<strong>t\u00e9l\u00e9travail<\/strong>, lorsqu&rsquo;il est possible, peut \u00e9galement contribuer au bien-\u00eatre.<\/p>\n\n\n\n<p>Activit\u00e9s sportives et initiatives de bien-\u00eatre : Proposer des&nbsp;<strong>activit\u00e9s sportives<\/strong>&nbsp;ou des ateliers bien-\u00eatre peut am\u00e9liorer la sant\u00e9 physique et mentale des salari\u00e9s. Des s\u00e9ances de yoga, de m\u00e9ditation ou des cours de sport peuvent \u00eatre organis\u00e9s.<\/p>\n\n\n\n<p>Communication et reconnaissance : Une bonne communication interne et une reconnaissance r\u00e9guli\u00e8re du travail accompli renforcent l&rsquo;<strong>engagement des salari\u00e9s<\/strong>. Cela contribue \u00e0 une meilleure&nbsp;<strong>QVT<\/strong>&nbsp;et \u00e0 une r\u00e9duction de l&rsquo;<strong>absent\u00e9isme<\/strong>. Des initiatives simples peuvent avoir un impact significatif sur le&nbsp;<strong>bien-\u00eatre au travail<\/strong>.<\/p>\n\n\n<div class=\"wp-block-image\">\n<figure class=\"alignright size-large is-resized\"><img loading=\"lazy\" decoding=\"async\" width=\"683\" height=\"1024\" src=\"https:\/\/www.vos-idees-nos-projets.fr\/blog\/wp-content\/uploads\/2025\/03\/1920-Web-Senior-sculptant-sur-du-bois-1-683x1024.jpg\" alt=\"\" class=\"wp-image-985\" style=\"width:172px;height:auto\" srcset=\"https:\/\/www.vos-idees-nos-projets.fr\/blog\/wp-content\/uploads\/2025\/03\/1920-Web-Senior-sculptant-sur-du-bois-1-683x1024.jpg 683w, https:\/\/www.vos-idees-nos-projets.fr\/blog\/wp-content\/uploads\/2025\/03\/1920-Web-Senior-sculptant-sur-du-bois-1-200x300.jpg 200w, https:\/\/www.vos-idees-nos-projets.fr\/blog\/wp-content\/uploads\/2025\/03\/1920-Web-Senior-sculptant-sur-du-bois-1-768x1152.jpg 768w, https:\/\/www.vos-idees-nos-projets.fr\/blog\/wp-content\/uploads\/2025\/03\/1920-Web-Senior-sculptant-sur-du-bois-1-1024x1536.jpg 1024w, https:\/\/www.vos-idees-nos-projets.fr\/blog\/wp-content\/uploads\/2025\/03\/1920-Web-Senior-sculptant-sur-du-bois-1-1365x2048.jpg 1365w, https:\/\/www.vos-idees-nos-projets.fr\/blog\/wp-content\/uploads\/2025\/03\/1920-Web-Senior-sculptant-sur-du-bois-1-scaled.jpg 1707w\" sizes=\"auto, (max-width: 683px) 100vw, 683px\" \/><\/figure>\n<\/div>\n\n\n<h3 class=\"wp-block-heading\">Le r\u00f4le de la communication interne dans la promotion du bien-\u00eatre<\/h3>\n\n\n\n<p>La&nbsp;<strong>communication interne<\/strong>&nbsp;joue un r\u00f4le crucial dans la promotion du&nbsp;<strong>bien-\u00eatre au travail<\/strong>. Elle permet de faire conna\u00eetre les initiatives mises en place et d&rsquo;impliquer les salari\u00e9s.<\/p>\n\n\n\n<p>Transparence et communication r\u00e9guli\u00e8re : Une communication transparente et r\u00e9guli\u00e8re sur les actions men\u00e9es est essentielle. Les salari\u00e9s doivent \u00eatre inform\u00e9s des initiatives et de leur impact. Cela renforce leur sentiment d&rsquo;appartenance et leur&nbsp;<strong>engagement<\/strong>.<\/p>\n\n\n\n<p>Recueillir le feedback des employ\u00e9s : Il est important de recueillir le&nbsp;<strong>feedback des employ\u00e9s<\/strong>&nbsp;r\u00e9guli\u00e8rement. Des&nbsp;<strong>enqu\u00eates de satisfaction<\/strong>&nbsp;ou des entretiens individuels permettent de conna\u00eetre leur avis et d&rsquo;adapter les actions. Le&nbsp;<strong>feedback employ\u00e9<\/strong>&nbsp;est une source pr\u00e9cieuse d&rsquo;informations.<\/p>\n\n\n\n<p>Valoriser les initiatives et les r\u00e9ussites : Il est important de valoriser les initiatives et les r\u00e9ussites en mati\u00e8re de&nbsp;<strong>bien-\u00eatre au travail<\/strong>. Cela motive les salari\u00e9s et renforce la&nbsp;<strong>culture d&rsquo;entreprise<\/strong>&nbsp;ax\u00e9e sur le bien-\u00eatre. Une bonne&nbsp;<strong>communication interne<\/strong>&nbsp;est un \u00e9l\u00e9ment cl\u00e9 d&rsquo;une politique de&nbsp;<strong>QVCT<\/strong>&nbsp;efficace et contribue \u00e0 la r\u00e9duction de l&rsquo;<strong>absent\u00e9isme<\/strong>&nbsp;et \u00e0 une meilleure&nbsp;<strong>productivit\u00e9 des salari\u00e9s<\/strong>.<\/p>\n\n\n\n<h2 class=\"wp-block-heading\">\ud83c\udfc1 Conclusion : Investir dans le bien \u00eatre au travail, un avantage concurrentiel<\/h2>\n\n\n\n<p>Investir dans le&nbsp;<strong>bien-\u00eatre au travail<\/strong>&nbsp;n&rsquo;est pas une d\u00e9pense, mais un investissement. Les b\u00e9n\u00e9fices sont nombreux et impactent positivement la performance de l&rsquo;entreprise.<\/p>\n\n\n\n<p>R\u00e9capitulation des b\u00e9n\u00e9fices : Nous avons vu que le&nbsp;<strong>bien-\u00eatre au travail<\/strong>&nbsp;impacte positivement la&nbsp;<strong>productivit\u00e9 des salari\u00e9s<\/strong>, r\u00e9duit l&rsquo;<strong>absent\u00e9isme<\/strong>, et am\u00e9liore la&nbsp;<strong>sant\u00e9 au travail<\/strong>. Des outils comme Nesspay, Klaro, Predilife et NumaHealth offrent des solutions concr\u00e8tes pour am\u00e9liorer la&nbsp;<strong>QVT<\/strong>.<\/p>\n\n\n\n<p>Le retour sur investissement du bien-\u00eatre : L&rsquo;am\u00e9lioration de la&nbsp;<strong>QVT<\/strong>&nbsp;a un r\u00e9el&nbsp;<strong>retour sur investissement<\/strong>. Une meilleure&nbsp;<strong>performance entreprise<\/strong>&nbsp;est directement li\u00e9e au bien-\u00eatre des salari\u00e9s. La&nbsp;<strong>pr\u00e9vention absent\u00e9isme<\/strong>&nbsp;permet des \u00e9conomies consid\u00e9rables.<\/p>\n\n\n\n<p>Appel \u00e0 l&rsquo;action : N&rsquo;h\u00e9sitez pas \u00e0 contacter Nesspay, Klaro, Predilife et NumaHealth pour en savoir plus sur leurs solutions. AG2R La Mondiale est l\u00e0 pour vous accompagner dans la mise en place d&rsquo;une politique de&nbsp;<strong>QVCT<\/strong>&nbsp;efficace. Investissez dans le&nbsp;<strong>bien-\u00eatre au travail<\/strong>, investissez dans la r\u00e9ussite de votre entreprise&nbsp;! D\u00e9couvrez plus de ressources sur le site AG2R La Mondiale.<\/p>\n\n\n<div class=\"wp-block-image\">\n<figure class=\"aligncenter size-full\"><a href=\"https:\/\/www.vos-idees-nos-projets.fr\/blog\/\"><img loading=\"lazy\" decoding=\"async\" width=\"883\" height=\"274\" src=\"https:\/\/www.vos-idees-nos-projets.fr\/blog\/wp-content\/uploads\/2024\/12\/Capture-decran-2024-12-20-104755.png\" alt=\"bien \u00eatre au travail\" class=\"wp-image-897\" srcset=\"https:\/\/www.vos-idees-nos-projets.fr\/blog\/wp-content\/uploads\/2024\/12\/Capture-decran-2024-12-20-104755.png 883w, https:\/\/www.vos-idees-nos-projets.fr\/blog\/wp-content\/uploads\/2024\/12\/Capture-decran-2024-12-20-104755-300x93.png 300w, https:\/\/www.vos-idees-nos-projets.fr\/blog\/wp-content\/uploads\/2024\/12\/Capture-decran-2024-12-20-104755-768x238.png 768w\" sizes=\"auto, (max-width: 883px) 100vw, 883px\" \/><\/a><\/figure>\n<\/div>\n\n<div class=\"wp-block-image\">\n<figure class=\"aligncenter size-large\"><a href=\"https:\/\/www.ag2rlamondiale.fr\/groupe\/nos-engagements\/placer-le-client-au-coeur-de-nos-actions\/stimuler-l-innovation\" target=\"_blank\" rel=\"noopener\"><img loading=\"lazy\" decoding=\"async\" width=\"1024\" height=\"249\" src=\"https:\/\/www.vos-idees-nos-projets.fr\/blog\/wp-content\/uploads\/2024\/12\/Capture-decran-2024-12-11-110325-1024x249.png\" alt=\"bien \u00eatre au travail\" class=\"wp-image-835\" srcset=\"https:\/\/www.vos-idees-nos-projets.fr\/blog\/wp-content\/uploads\/2024\/12\/Capture-decran-2024-12-11-110325-1024x249.png 1024w, https:\/\/www.vos-idees-nos-projets.fr\/blog\/wp-content\/uploads\/2024\/12\/Capture-decran-2024-12-11-110325-300x73.png 300w, https:\/\/www.vos-idees-nos-projets.fr\/blog\/wp-content\/uploads\/2024\/12\/Capture-decran-2024-12-11-110325-768x187.png 768w, https:\/\/www.vos-idees-nos-projets.fr\/blog\/wp-content\/uploads\/2024\/12\/Capture-decran-2024-12-11-110325.png 1072w\" sizes=\"auto, (max-width: 1024px) 100vw, 1024px\" \/><\/a><\/figure>\n<\/div>\n\n\n<p><\/p>\n","protected":false},"excerpt":{"rendered":"<p>Bien \u00eatre au travail : Boostez la performance de vos \u00e9quipes \u2763\ufe0f Introduction : Le bien \u00eatre au travail, un enjeu majeur pour les entreprises Le bien \u00eatre au travail est devenu un enjeu crucial pour les entreprises. Il impacte directement la performance et la productivit\u00e9 des salari\u00e9s. Une bonne&nbsp;QVT&nbsp;(Qualit\u00e9 de Vie au Travail) se [&hellip;]<\/p>\n","protected":false},"author":10,"featured_media":986,"comment_status":"closed","ping_status":"open","sticky":false,"template":"","format":"standard","meta":{"footnotes":""},"categories":[186],"tags":[160,161,163,165,180,181],"class_list":["post-975","post","type-post","status-publish","format-standard","has-post-thumbnail","hentry","category-prendre-soin-de-ses-salaries","tag-qvct","tag-qvt","tag-bien-etre","tag-productivite","tag-sante-au-travail","tag-rh","entry","has-media"],"_links":{"self":[{"href":"https:\/\/www.vos-idees-nos-projets.fr\/blog\/wp-json\/wp\/v2\/posts\/975","targetHints":{"allow":["GET"]}}],"collection":[{"href":"https:\/\/www.vos-idees-nos-projets.fr\/blog\/wp-json\/wp\/v2\/posts"}],"about":[{"href":"https:\/\/www.vos-idees-nos-projets.fr\/blog\/wp-json\/wp\/v2\/types\/post"}],"author":[{"embeddable":true,"href":"https:\/\/www.vos-idees-nos-projets.fr\/blog\/wp-json\/wp\/v2\/users\/10"}],"replies":[{"embeddable":true,"href":"https:\/\/www.vos-idees-nos-projets.fr\/blog\/wp-json\/wp\/v2\/comments?post=975"}],"version-history":[{"count":4,"href":"https:\/\/www.vos-idees-nos-projets.fr\/blog\/wp-json\/wp\/v2\/posts\/975\/revisions"}],"predecessor-version":[{"id":1126,"href":"https:\/\/www.vos-idees-nos-projets.fr\/blog\/wp-json\/wp\/v2\/posts\/975\/revisions\/1126"}],"wp:featuredmedia":[{"embeddable":true,"href":"https:\/\/www.vos-idees-nos-projets.fr\/blog\/wp-json\/wp\/v2\/media\/986"}],"wp:attachment":[{"href":"https:\/\/www.vos-idees-nos-projets.fr\/blog\/wp-json\/wp\/v2\/media?parent=975"}],"wp:term":[{"taxonomy":"category","embeddable":true,"href":"https:\/\/www.vos-idees-nos-projets.fr\/blog\/wp-json\/wp\/v2\/categories?post=975"},{"taxonomy":"post_tag","embeddable":true,"href":"https:\/\/www.vos-idees-nos-projets.fr\/blog\/wp-json\/wp\/v2\/tags?post=975"}],"curies":[{"name":"wp","href":"https:\/\/api.w.org\/{rel}","templated":true}]}}